{"id":9169,"date":"2022-09-20T11:34:08","date_gmt":"2022-09-20T11:34:08","guid":{"rendered":"https:\/\/www.eyuboglubuyukatak.av.tr\/?p=9169"},"modified":"2023-12-12T16:56:37","modified_gmt":"2023-12-12T13:56:37","slug":"tasima-isleri-organizatorlugu-yonetmeligi-hakkinda","status":"publish","type":"post","link":"https:\/\/www.eyuboglubuyukatak.av.tr\/en\/tasima-isleri-organizatorlugu-yonetmeligi-hakkinda\/","title":{"rendered":"About the Transport Organization Regulation"},"content":{"rendered":"<p style=\"text-align: center;\"><strong>About the Transport Organization Regulation<\/strong><\/p>\n<table style=\"font-weight: 400; height: 2855px;\" width=\"865\">\n<tbody>\n<tr>\n<td width=\"302\"><strong>Ta\u015f\u0131ma \u0130\u015fleri Organizat\u00f6rl\u00fc\u011f\u00fc Y\u00f6netmeli\u011fi<\/strong><\/p>\n<p>Ta\u015f\u0131ma \u0130\u015fleri Organizat\u00f6rl\u00fc\u011f\u00fc Y\u00f6netmeli\u011fi <strong>(<\/strong><strong>\u201c<\/strong><strong>Y\u00f6netmelik\u201d)<\/strong> 27.08.2022 Tarih ve 31936 Say\u0131l\u0131 Resmi Gazete\u2019de yay\u0131mlanarak yay\u0131m\u0131 tarihinde y\u00fcr\u00fcrl\u00fc\u011fe girmi\u015ftir.<\/td>\n<\/tr>\n<tr>\n<td width=\"302\">Y\u00f6netmelik, karayolu, demiryolu, denizyolu veya havayolu ta\u015f\u0131mac\u0131l\u0131\u011f\u0131nda ve\/veya kombine ta\u015f\u0131mac\u0131l\u0131k alan\u0131nda faaliyet g\u00f6sterecek ta\u015f\u0131ma i\u015fleri organizat\u00f6rlerinin hizmet esaslar\u0131 ve ko\u015fullar\u0131n\u0131 belirlemekte olup bu kapsamda; bu faaliyetlerde bulunanlar\u0131n, al\u0131c\u0131lar\u0131n, g\u00f6nderenlerin hak, sorumluluk ve y\u00fck\u00fcml\u00fcl\u00fcklerine ili\u015fkin hususlar\u0131 d\u00fczenlemektedir. Y\u00f6netmelik kapsam\u0131nda \u00f6nemli g\u00f6r\u00fclen d\u00fczenlemeler a\u015fa\u011f\u0131daki gibi tespit edilmi\u015ftir.<\/td>\n<\/tr>\n<tr>\n<td width=\"302\">Y\u00f6netmelik uyar\u0131nca, Y\u00f6netmelik kapsam\u0131na giren ta\u015f\u0131ma i\u015fleri organizat\u00f6rl\u00fc\u011f\u00fc faaliyetinde bulunacak ger\u00e7ek ve t\u00fczel ki\u015filerin Ula\u015ft\u0131rma ve Altyap\u0131 Bakanl\u0131\u011f\u0131 <strong>(<\/strong><strong>\u201c<\/strong><strong>Bakanl\u0131k\u201d) <\/strong>taraf\u0131ndan verilecek T\u0130O yetki belgesini almalar\u0131 zorunludur.<\/td>\n<\/tr>\n<tr>\n<td width=\"302\"><strong>Yetki Belgesi Verilmesi, Yenilenmesi ve Ba\u015fvuru \u015eartlar\u0131<\/strong><\/p>\n<p>Y\u00f6netmelik ile, yetki belgesi almak veya yenilemek i\u00e7in;<\/td>\n<\/tr>\n<tr>\n<td width=\"302\">Ger\u00e7ek ki\u015filerin T\u00fcrkiye Cumhuriyeti tabiiyetinde olmalar\u0131; t\u00fczel ki\u015filerin ise T\u00fcrkiye Cumhuriyeti kanunlar\u0131na g\u00f6re kurulmu\u015f ve ticaret siciline tescil edilmi\u015f olmalar\u0131,<\/td>\n<\/tr>\n<tr>\n<td width=\"302\">Ger\u00e7ek ki\u015filerde sahip ve\/veya varsa temsil ve ilzama yetkili ki\u015fi\/ki\u015filerin; anonim \u015firket stat\u00fcs\u00fcndeki t\u00fczel ki\u015filiklerde, y\u00f6netim kurulu ba\u015fkan ve \u00fcyeleri, genel m\u00fcd\u00fcr ile temsil ve ilzama yetkili y\u00f6neticilerin; di\u011fer \u015firket stat\u00fcs\u00fcndeki t\u00fczel ki\u015filerde, t\u00fcm ortaklar\u0131n ve bu t\u00fczel ki\u015fili\u011fi temsil ve ilzama yetkili y\u00f6neticilerin mesleki sayg\u0131nl\u0131\u011fa sahip olmas\u0131,<\/td>\n<\/tr>\n<tr>\n<td width=\"302\">En az 150.000 T\u00fcrk Liras\u0131 sermayeye sahip olmas\u0131 gibi birtak\u0131m \u015fartlar da aranmaktad\u0131r.<\/td>\n<\/tr>\n<tr>\n<td width=\"302\"><strong>Yetki Belgelerinin Verilmesi, Yenilenmesi ve S\u00fcreler<\/strong><\/p>\n<p>Bakanl\u0131\u011fa yap\u0131lacak m\u00fcracaat \u00fczerine Bakanl\u0131k, yap\u0131lan ba\u015fvuruya ili\u015fkin incelemesini en ge\u00e7 30 g\u00fcn i\u00e7inde tamamlayacakt\u0131r. Y\u00f6netmelik kapsam\u0131nda verilen ve yenilenen yetki belgelerinin s\u00fcresi 5 y\u0131ld\u0131r. Bir defaya mahsus olmak \u00fczere ilk defa verilecek yetki belgeleri 1 y\u0131l s\u00fcreli olarak da d\u00fczenlenebilecektir.<\/td>\n<\/tr>\n<tr>\n<td width=\"302\">Yetki belgesinin yenilenmesi i\u00e7in belge sahiplerinin ilgili yetki belgesinin ge\u00e7erlilik s\u00fcresi bitmeden 90 g\u00fcn \u00f6nce Bakanl\u0131\u011fa yaz\u0131l\u0131 olarak m\u00fcracaat etmeleri gerekmektedir. Yetki belgeleri 5 y\u0131ll\u0131k s\u00fcre i\u00e7in yenilenir.<\/td>\n<\/tr>\n<tr>\n<td width=\"302\">Yenileme \u00fccreti, o y\u0131la ait yetki belgesi \u00fccretinin %15\u2019idir.<\/td>\n<\/tr>\n<tr>\n<td width=\"302\">Yetki belgelerinin yenilenmesi i\u00e7in yetki belgesinin ge\u00e7erlilik s\u00fcresinin sona erdi\u011fi tarihten itibaren 540 takvim g\u00fcn\u00fc i\u00e7inde Bakanl\u0131\u011fa yaz\u0131l\u0131 olarak m\u00fcracaat edilmesi halinde; yetki belgesi, yenileme \u00fccretinin \u00f6dendi\u011fi tarih esas al\u0131narak yenilenir. Yenileme \u00fccretinin, s\u00f6z konusu 540 g\u00fcnl\u00fck s\u00fcre i\u00e7inde ve \u00f6deme tarihindeki ge\u00e7erli yenileme \u00fccreti olarak \u00f6denmesi \u015fartt\u0131r. Bu s\u00fcrenin a\u015f\u0131m\u0131 halinde ilgili, yetki belgesi yenileme hakk\u0131n\u0131 kaybedecektir.<\/td>\n<\/tr>\n<tr>\n<td width=\"302\"><strong>E\u011fitim ve Mesleki Yeterlilik<\/strong><\/p>\n<p>Y\u00f6netmelik ile mesleki yeterlilik \u015fart\u0131 olarak en az bir adet \u00dcDY3 t\u00fcr\u00fc ve yetki belgesi sahibinin ticaret sicili ile yetki belgesine \u015fube olarak eklenmi\u015f her bir \u015fubesi i\u00e7in en az bir adet ODY3 t\u00fcr\u00fc mesleki yeterlilik belgesine sahip ki\u015fileri istihdam etme \u015fart\u0131 getirilmi\u015ftir.<\/td>\n<\/tr>\n<tr>\n<td width=\"302\"><strong>Yetki Belgesi \u0130ptali ile Faaliyet Durdurma <\/strong><\/p>\n<p><strong>\u00a0<\/strong>Y\u00f6netmelik uyar\u0131nca yetki belgesi sahiplerinin ger\u00e7ek veya t\u00fczel ki\u015filiklerinin son bulmas\u0131 veya herhangi bir sebeple faaliyetlerini b\u0131rakmak istemeleri ve adlar\u0131na d\u00fczenlenen yetki belgelerinin iptalini talep etmeleri halinde yetki belgeleri iptal edilecektir.<\/td>\n<\/tr>\n<tr>\n<td width=\"302\">Bakanl\u0131k taraf\u0131ndan yetki belgesi verildikten sonra, ger\u00e7ekle\u015ftirilecek her i\u015flemde sunulan bilgi ve belgeler hakk\u0131nda inceleme yap\u0131l\u0131r. Yap\u0131lan inceleme ve ara\u015ft\u0131rma sonucunda, beyan edilen bilgi ve verilen belgelerden herhangi birinin tahrif edilmi\u015f oldu\u011funun veya sahte olarak verilmek suretiyle haks\u0131z yetki belgesi al\u0131nd\u0131\u011f\u0131n\u0131n veya yenilendi\u011finin veya de\u011fi\u015ftirildi\u011finin tespit edilmesi halinde, yetki belgesi sonland\u0131r\u0131lacakt\u0131r.<\/td>\n<\/tr>\n<tr>\n<td width=\"302\"><strong>\u0130dari Para Cezalar\u0131<\/strong><\/p>\n<p>Y\u00f6netmeli\u011fe ayk\u0131r\u0131l\u0131klar nedeni ile 585 T\u00fcrk Liras\u0131 ila 5.850 T\u00fcrk Liras\u0131 aras\u0131nda de\u011fi\u015fen idari para cezalar\u0131 uygulanacakt\u0131r.<\/td>\n<\/tr>\n<tr>\n<td width=\"302\"><strong>Yetki Belgesi \u00dccreti\u00a0 <\/strong><\/p>\n<p>T\u0130O yetki belgesi \u00fccreti 273.244 T\u00fcrk Liras\u0131 olarak; 1 y\u0131l s\u00fcreli belgenin \u00fccreti ise 70.000 T\u00fcrk Liras\u0131 olarak belirlenmi\u015ftir.<\/td>\n<\/tr>\n<tr>\n<td width=\"302\"><strong>T\u0130O Yetki Belgesi \u00dccretinde \u0130ndirim Yap\u0131lmas\u0131na Dair Hususlar<\/strong><\/p>\n<p>Y\u00f6netmeli\u011fin y\u00fcr\u00fcrl\u00fc\u011fe girdi\u011fi tarihten \u00f6nce Karayolu Ta\u015f\u0131ma Y\u00f6netmeli\u011fi&#8217;ne g\u00f6re adlar\u0131na C2, C3, G1, G2, G3, G3*, H1, H2, K1, K1(\u00d6), K1*, K3, K3*, L1, L2, M1, M2, N1, N2, P1 veya P2 yetki belgesi d\u00fczenlenen ve s\u00f6z konusu yetki belgesi ge\u00e7erli bulunan ger\u00e7ek veya t\u00fczel ki\u015filerin bu Y\u00f6netmelik kapsam\u0131nda T\u0130O yetki belgesi almak \u00fczere m\u00fcracaat etmesi halinde; yetki belgesinin ilk d\u00fczenlendi\u011fi tarih esas al\u0131narak Y\u00f6netmelik\u2019te yer alan tabloya g\u00f6re T\u0130O yetki belgesi \u00fccreti belirlenece\u011fi ve bu \u00fccretin tahsil edilerek adlar\u0131na T\u0130O yetki belgesi d\u00fczenlenecektir.<\/td>\n<\/tr>\n<tr>\n<td width=\"302\">Bu kapsamda olmayan ger\u00e7ek veya t\u00fczel ki\u015filerin T\u0130O yetki belgesi almak \u00fczere m\u00fcracaat etmesi halinde ise m\u00fcracaat sahiplerine yetki belgesi \u00fccretinde %40 indirim uygulanacakt\u0131r.<\/td>\n<\/tr>\n<tr>\n<td width=\"302\">Y\u00f6netmeli\u011fin y\u00fcr\u00fcrl\u00fc\u011fe girdi\u011fi tarihten \u00f6nce T\u0130O yetki belgesi bulunan ger\u00e7ek veya t\u00fczel ki\u015filerin ise mevcut T\u0130O yetki belgesi ge\u00e7erlilik s\u00fcrelerine 10 y\u0131l ilave edilece\u011fi d\u00fczenlenmi\u015ftir.<\/p>\n<p>Burada \u00f6nemle belirtmek gerekir ki; Y\u00f6netmelik uyar\u0131nca, an\u0131lan indirimler 14 Temmuz 2023 tarihine kadar uygulanacakt\u0131r.<\/td>\n<\/tr>\n<tr>\n<td width=\"302\"><strong>Sonu\u00e7<\/strong><\/p>\n<p>Y\u00f6netmelik ile T\u0130O yetki belgesi al\u0131m\u0131 i\u00e7in gerekli prosed\u00fcrler ve mesleki yeterlik \u015fartlar\u0131 yeniden d\u00fczenlenmi\u015f, belge al\u0131m\u0131 i\u00e7in gereken sermaye \u015fartlar\u0131 iyile\u015ftirilmi\u015f, belge \u00fccretlerinde 14 Temmuz 2023 tarihine kadar\u00a0ge\u00e7erli olacak indirimlerin uygulanaca\u011f\u0131 d\u00fczenlenmi\u015ftir.<\/td>\n<\/tr>\n<tr>\n<td width=\"302\">Y\u00f6netmelik\u2019in tam metnine ula\u015fmak i\u00e7in <a href=\"https:\/\/uhdgm.uab.gov.tr\/uploads\/announcements\/tasima-isleri-organizatorlugu-yonetmeligi-yayimlan\/tasima-isleri-organizatorlugu-yonetmeligi.pdf\" target=\"_blank\" rel=\"noopener\">buraya<\/a> t\u0131klay\u0131n\u0131z.<\/td>\n<\/tr>\n<tr>\n<td width=\"302\"><strong><em>Bilgi ve de\u011ferlendirmelerinize sunulur,<\/em><\/strong><\/td>\n<\/tr>\n<\/tbody>\n<\/table>","protected":false},"excerpt":{"rendered":"<p>Ta\u015f\u0131ma \u0130\u015fleri Organizat\u00f6rl\u00fc\u011f\u00fc Y\u00f6netmeli\u011fi Hakk\u0131nda Ta\u015f\u0131ma \u0130\u015fleri Organizat\u00f6rl\u00fc\u011f\u00fc Y\u00f6netmeli\u011fi Ta\u015f\u0131ma \u0130\u015fleri Organizat\u00f6rl\u00fc\u011f\u00fc Y\u00f6netmeli\u011fi (\u201cY\u00f6netmelik\u201d) 27.08.2022 Tarih ve 31936 Say\u0131l\u0131 Resmi Gazete\u2019de yay\u0131mlanarak yay\u0131m\u0131 tarihinde y\u00fcr\u00fcrl\u00fc\u011fe girmi\u015ftir. Y\u00f6netmelik, karayolu, demiryolu, denizyolu veya havayolu ta\u015f\u0131mac\u0131l\u0131\u011f\u0131nda ve\/veya kombine ta\u015f\u0131mac\u0131l\u0131k alan\u0131nda faaliyet g\u00f6sterecek ta\u015f\u0131ma i\u015fleri organizat\u00f6rlerinin hizmet esaslar\u0131 ve ko\u015fullar\u0131n\u0131 belirlemekte olup bu kapsamda; bu faaliyetlerde bulunanlar\u0131n, al\u0131c\u0131lar\u0131n, g\u00f6nderenlerin [&hellip;]<\/p>","protected":false},"author":1,"featured_media":7997,"comment_status":"closed","ping_status":"open","sticky":false,"template":"","format":"standard","meta":{"footnotes":""},"categories":[66],"tags":[],"class_list":["post-9169","post","type-post","status-publish","format-standard","has-post-thumbnail","hentry","category-tasima-hukuku"],"_links":{"self":[{"href":"https:\/\/www.eyuboglubuyukatak.av.tr\/en\/wp-json\/wp\/v2\/posts\/9169","targetHints":{"allow":["GET"]}}],"collection":[{"href":"https:\/\/www.eyuboglubuyukatak.av.tr\/en\/wp-json\/wp\/v2\/posts"}],"about":[{"href":"https:\/\/www.eyuboglubuyukatak.av.tr\/en\/wp-json\/wp\/v2\/types\/post"}],"author":[{"embeddable":true,"href":"https:\/\/www.eyuboglubuyukatak.av.tr\/en\/wp-json\/wp\/v2\/users\/1"}],"replies":[{"embeddable":true,"href":"https:\/\/www.eyuboglubuyukatak.av.tr\/en\/wp-json\/wp\/v2\/comments?post=9169"}],"version-history":[{"count":0,"href":"https:\/\/www.eyuboglubuyukatak.av.tr\/en\/wp-json\/wp\/v2\/posts\/9169\/revisions"}],"wp:featuredmedia":[{"embeddable":true,"href":"https:\/\/www.eyuboglubuyukatak.av.tr\/en\/wp-json\/wp\/v2\/media\/7997"}],"wp:attachment":[{"href":"https:\/\/www.eyuboglubuyukatak.av.tr\/en\/wp-json\/wp\/v2\/media?parent=9169"}],"wp:term":[{"taxonomy":"category","embeddable":true,"href":"https:\/\/www.eyuboglubuyukatak.av.tr\/en\/wp-json\/wp\/v2\/categories?post=9169"},{"taxonomy":"post_tag","embeddable":true,"href":"https:\/\/www.eyuboglubuyukatak.av.tr\/en\/wp-json\/wp\/v2\/tags?post=9169"}],"curies":[{"name":"wp","href":"https:\/\/api.w.org\/{rel}","templated":true}]}}