{"id":9161,"date":"2022-08-22T15:08:09","date_gmt":"2022-08-22T15:08:09","guid":{"rendered":"https:\/\/www.eyuboglubuyukatak.av.tr\/?p=9161"},"modified":"2023-12-12T16:56:37","modified_gmt":"2023-12-12T13:56:37","slug":"9161-2","status":"publish","type":"post","link":"https:\/\/www.eyuboglubuyukatak.av.tr\/en\/9161-2\/","title":{"rendered":"About the New Existence Peace Regulation Adopted by the Turkish Grand National Assembly"},"content":{"rendered":"<p style=\"text-align: center;\"><strong>About the New Existence Peace Regulation Adopted by the Turkish Grand National Assembly<\/strong><\/p>\n<p>Varl\u0131k bar\u0131\u015f\u0131, T\u00fcrkiye\u2019de bulunup da kay\u0131t alt\u0131na al\u0131namayan varl\u0131klar\u0131n ya da yurtd\u0131\u015f\u0131nda bulunan varl\u0131klar\u0131n (para, alt\u0131n, menkul k\u0131ymet gibi) T\u00fcrkiye&#8217;de banka ve arac\u0131 kurumlara ya da vergi dairesine bildirilerek kay\u0131t alt\u0131na al\u0131nmas\u0131 ve belli s\u00fcrelerde T\u00fcrkiye&#8217;ye getirilmesidir. 30.06.2022 tarihinde sona eren eski varl\u0131k bar\u0131\u015f\u0131ndan sonra yeni bir varl\u0131k bar\u0131\u015f\u0131 d\u00fczenlemesi TBMM\u2019de kabul edilmi\u015f bulunmaktad\u0131r. \u0130\u015fbu bilgilendirme notumuzda yeni varl\u0131k bar\u0131\u015f\u0131 d\u00fczenlemesinin detaylar\u0131 incelenecektir.<\/p>\n<p><strong>B\u0130LD\u0130R\u0130LEB\u0130LECEK VARLIKLAR NELERD\u0130R?<\/strong><\/p>\n<p>D\u00fczenlemeye g\u00f6re T\u00fcrkiye\u2019de bulunup da bildirimi yap\u0131labilecek varl\u0131klar kanuni defter kay\u0131tlar\u0131nda yer almayan para, alt\u0131n, d\u00f6viz, sermaye piyasas\u0131 ara\u00e7lar\u0131, menkul k\u0131ymetler ve ta\u015f\u0131nmazlard\u0131r. Ger\u00e7ek veya t\u00fczel ki\u015filerin yurtd\u0131\u015f\u0131ndaki para alt\u0131n d\u00f6viz ve sermaye piyasas\u0131 ara\u00e7lar\u0131 gibi menkul k\u0131ymetleri d\u00fczenleme kapsam\u0131nda yer almaktad\u0131r. Buna g\u00f6re ilgili ki\u015filer bu t\u00fcr varl\u0131klar\u0131n\u0131 banka ve arac\u0131 kurumlara bildirerek kay\u0131t alt\u0131na al\u0131nmas\u0131n\u0131 sa\u011flayabilecektir. 09.08.2022 tarihli Resmi Gazete\u2019de yay\u0131mlanan Baz\u0131 Varl\u0131klar\u0131n Ekonomiye Kazand\u0131r\u0131lmas\u0131 Hakk\u0131nda Genel Tebli\u011f\u2019e <strong>(\u201cTEBL\u0130\u011e\u201d)<\/strong> g\u00f6re ise yurtd\u0131\u015f\u0131nda bulunan ancak kapsama girmeyen varl\u0131klar\u0131n, 31.03.2023 tarihine kadar kapsamdaki varl\u0131klara d\u00f6n\u00fc\u015ft\u00fcr\u00fclerek T\u00fcrkiye\u2019ye getirilmesi m\u00fcmk\u00fcnd\u00fcr. \u00d6rne\u011fin yurtd\u0131\u015f\u0131nda bulunan ta\u015f\u0131nmaz\u0131n paraya \u00e7evrilerek bildiriminin yap\u0131lmas\u0131 suretiyle bu h\u00fck\u00fcmlerden faydalanmas\u0131 m\u00fcmk\u00fcn olabilecektir.<\/p>\n<p style=\"font-weight: 400;\"><strong>K\u0130MLER FAYDALANAB\u0130L\u0130R?<\/strong><\/p>\n<p style=\"font-weight: 400;\">\u00d6ncelikle T\u00fcrk veya yabanc\u0131 ger\u00e7ek ki\u015filer, yerli veya yabanc\u0131 ortakl\u0131 T\u00fcrk \u015firketleri bu f\u0131rsattan yararlanabilir.<\/p>\n<p style=\"font-weight: 400;\">D\u00fczenleme kapsam\u0131na giren varl\u0131klar\u0131 yurt d\u0131\u015f\u0131ndan T\u00fcrkiye&#8217;ye getirmek i\u00e7in vergi m\u00fckellefi olmak zorunlu de\u011fildir. Varl\u0131k bar\u0131\u015f\u0131ndan \u015firket veya ger\u00e7ek ki\u015fi herkes yararlanabilir.<\/p>\n<p style=\"font-weight: 400;\">Ancak yurti\u00e7indeki varl\u0131klar\u0131n bildirilmesi i\u00e7in bildirimde bulunan ki\u015finin gelir vergisi ya da kurumlar vergisi m\u00fckellefi olmas\u0131 gerekmektedir.<\/p>\n<p style=\"font-weight: 400;\">TEBL\u0130\u011e\u2019e g\u00f6re varl\u0131k bar\u0131\u015f\u0131ndan faydalanmak isteyen ger\u00e7ek veya t\u00fczel ki\u015filer ile bunlar\u0131n vekilleri ya da kanuni temsilcileri bildirim i\u015flemlerini yapabilir.<\/p>\n<p style=\"font-weight: 400;\"><strong>B\u0130LD\u0130R\u0130M NEREYE YAPILACAKTIR?<\/strong><\/p>\n<p style=\"font-weight: 400;\">Yurtd\u0131\u015f\u0131nda bulunup da bildirimi yap\u0131lacak varl\u0131klar banka veya arac\u0131 kurumlara bildirilecektir. Yurti\u00e7inde bulunan varl\u0131klar\u0131n bildirimi ise vergi daireleri taraf\u0131ndan al\u0131nacakt\u0131r.<\/p>\n<p style=\"font-weight: 400;\"><strong>B\u0130LD\u0130R\u0130M\u0130 YAPILAN VARLIKLARIN DE\u011eER\u0130 NASIL HESAPLANMAKTADIR?<\/strong><\/p>\n<p style=\"font-weight: 400;\">TEBL\u0130\u011e\u2019e g\u00f6re yurti\u00e7i ya da yurtd\u0131\u015f\u0131nda bulunduklar\u0131na bak\u0131lmaks\u0131z\u0131n bildirimleri yap\u0131lacak varl\u0131klar\u0131n de\u011ferleme \u00f6l\u00e7\u00fctleri \u015fu \u015fekildedir:<\/p>\n<table style=\"font-weight: 400; height: 1135px;\" width=\"791\">\n<tbody>\n<tr>\n<td width=\"104\"><strong>Bildirilen Varl\u0131k T\u00fcr\u00fc<\/strong><\/td>\n<td width=\"172\"><strong>\u00d6l\u00e7\u00fct<\/strong><\/td>\n<\/tr>\n<tr>\n<td width=\"104\">TL cinsinden para<\/td>\n<td width=\"172\">Nominal de\u011feri ile<\/td>\n<\/tr>\n<tr>\n<td width=\"104\">Alt\u0131n<\/td>\n<td width=\"172\">Rayi\u00e7 bedel ile<\/td>\n<\/tr>\n<tr>\n<td width=\"104\">D\u00f6viz cinsinden para<\/td>\n<td width=\"172\">T\u00fcrkiye Cumhuriyeti Merkez Bankas\u0131 d\u00f6viz al\u0131\u015f kuru ile<\/td>\n<\/tr>\n<tr>\n<td width=\"104\">Pay Senetleri<\/td>\n<td width=\"172\">Varsa borsa rayici ile, yoksa rayi\u00e7 bedeli ile, bu bedel tespit edilemiyorsa al\u0131\u015f bedeli ile, bu da belli de\u011filse nominal de\u011feri ile<\/td>\n<\/tr>\n<tr>\n<td width=\"104\">Tahvil, bono, eurobond gibi bor\u00e7lanma ara\u00e7lar\u0131<\/td>\n<td width=\"172\">Varsa borsa rayici ile, yoksa rayi\u00e7 bedeli ile, bu bedel tespit edilemiyorsa al\u0131\u015f bedeli ile, bu da belli de\u011filse nominal de\u011feri ile<\/td>\n<\/tr>\n<tr>\n<td width=\"104\">Yat\u0131r\u0131m fonu kat\u0131lma paylar\u0131<\/td>\n<td width=\"172\">\u0130lgili piyasas\u0131nda belirlenmi\u015f kapan\u0131\u015f fiyat\u0131 ile<\/td>\n<\/tr>\n<tr>\n<td width=\"104\">Vadeli i\u015flem ve opsiyon s\u00f6zle\u015fmeleri gibi t\u00fcrev ara\u00e7lar<\/td>\n<td width=\"172\">Varsa borsa rayici ile, yoksa rayi\u00e7 bedeli ile, bu bedel tespit edilemiyorsa al\u0131\u015f bedeli ile, bu da belli de\u011filse nominal de\u011feri ile<\/td>\n<\/tr>\n<tr>\n<td width=\"104\">Ta\u015f\u0131nmazlar<\/td>\n<td width=\"172\">Rayi\u00e7 bedel ile<\/td>\n<\/tr>\n<\/tbody>\n<\/table>\n<p style=\"font-weight: 400;\"><strong>YURTDI\u015eINDA BULUNAN VARLIKLARIN VERG\u0130LEND\u0130RMES\u0130 NASIL YAPILACAKTIR?<\/strong><\/p>\n<p style=\"font-weight: 400;\">D\u00fczenlemede 3 farkl\u0131 vergi oran\u0131 bulunmaktad\u0131r. Bu vergi oranlar\u0131 ise sadece yurtd\u0131\u015f\u0131nda bulunup da bildirimi yap\u0131lan varl\u0131klar i\u00e7in uygulanmaktad\u0131r. %1, %2 ve %3 olarak belirlenen bu vergi oranlar\u0131 bildirim tarihi esas\u0131na g\u00f6re de\u011fi\u015fmektedir.<\/p>\n<p style=\"font-weight: 400;\">Buna g\u00f6re;<\/p>\n<ul>\n<li>09.2022 tarihine kadar bildirimi yap\u0131lan varl\u0131klardan % 1,<\/li>\n<li>10.2022 ile 31.12.2022 tarihi aras\u0131nda bildirimi yap\u0131lan varl\u0131klardan % 2,<\/li>\n<li>01.2023 ile 31.03.2023 tarihi aras\u0131nda bildirimi yap\u0131lan varl\u0131klardan % 3,<\/li>\n<\/ul>\n<p style=\"font-weight: 400;\"><span style=\"font-weight: 400;\">oran\u0131nda vergi al\u0131nacakt\u0131r.\u00a0 Yurt d\u0131\u015f\u0131nda sahip olunan para, d\u00f6viz, alt\u0131n, hisse senedi, tahvil ve di\u011fer menkul k\u0131ymetler banka ve arac\u0131 kurumlara bildirilerek 3 ay i\u00e7inde T\u00fcrkiye\u2019ye getirilecektir.<\/span><\/p>\n<p style=\"font-weight: 400;\"><strong>YURT\u0130\u00c7\u0130NDE BULUNAN VARLIKLARIN VERG\u0130LEND\u0130RMES\u0130 NASIL YAPILACAKTIR?<\/strong><\/p>\n<p style=\"font-weight: 400;\">Yurti\u00e7inde bulunup da bildirimi yap\u0131lacak varl\u0131klar i\u00e7in sabit %3 vergi oran\u0131 \u00f6ng\u00f6r\u00fclm\u00fc\u015ft\u00fcr. \u0130lgili d\u00fczenlemeye g\u00f6re 31.03.2023, bildirimler i\u00e7in son tarih olarak g\u00f6z\u00fckmekte olup gelecekte yeni bir d\u00fczenleme olmamas\u0131 halinde bu tarihten sonra varl\u0131klar\u0131n bildirimi yap\u0131lmas\u0131 m\u00fcmk\u00fcn de\u011fildir.<\/p>\n<p style=\"font-weight: 400;\">Gelir ve kurumlar vergisi m\u00fckellefleri kay\u0131tlar\u0131nda yer almayan s\u00f6z konusu varl\u0131klar\u0131 ve ta\u015f\u0131nmazlar\u0131n\u0131 vergi dairesine beyan ederek beyan tarihinin bir sonraki ay\u0131nda de\u011ferleri \u00fczerinden y\u00fczde 3 vergi \u00f6deyecek ve kay\u0131tlar\u0131na alacaklard\u0131r.<\/p>\n<p style=\"font-weight: 400;\">M\u00fckellef olmayanlar ise varl\u0131klar\u0131n\u0131 banka veya arac\u0131 kurumlara yat\u0131rmak suretiyle tevsik edecek ve varl\u0131klar\u0131n de\u011feri \u00fczerinden y\u00fczde 3 vergi \u00f6deyecek. Varl\u0131k bar\u0131\u015f\u0131 bildirim ve beyanlar\u0131ndan hareketle vergi incelemesi ve tarhiyat yap\u0131lmayacak.<\/p>\n<p style=\"font-weight: 400;\"><strong>VERG\u0130LER NE ZAMAN VE NASIL \u00d6DENECEKT\u0130R?<\/strong><\/p>\n<p style=\"font-weight: 400;\">Yeni d\u00fczenlemeye g\u00f6re yurti\u00e7i ve yurtd\u0131\u015f\u0131nda bulunan varl\u0131klar\u0131n bildirimi s\u0131ras\u0131nda belirlenen vergilerin \u00f6denme \u015fekilleri de farkl\u0131l\u0131k g\u00f6stermektedir.<\/p>\n<ul>\n<li>Yurtd\u0131\u015f\u0131nda bulunan varl\u0131klar\u0131n bildirimi s\u0131ras\u0131nda belirlenmi\u015f vergiler, bildirimin yap\u0131laca\u011f\u0131 arac\u0131 kurum ya da banka taraf\u0131ndan pe\u015fin olarak al\u0131nacakt\u0131r.<\/li>\n<li>Yurti\u00e7inde bulunan varl\u0131klar\u0131n %3 oran\u0131nda belirlenen sabit vergisi ise bildirim tarihinin yap\u0131ld\u0131\u011f\u0131 ay\u0131 izleyen ay\u0131n sonuna kadar \u00f6denmesi gerekmektedir.<\/li>\n<\/ul>\n<p><strong>VERG\u0130LEND\u0130RME KONUSUNDA B\u0130R MUAF\u0130YET MEVCUT MUDUR?<\/strong><\/p>\n<p>Bildirimi yap\u0131lacak varl\u0131klara uygulanacak vergi oranlar\u0131 bir \u00f6nceki ba\u015fl\u0131kta bahsedilmi\u015ftir. Yeni d\u00fczenlemeye g\u00f6re ise bildirimi yap\u0131lm\u0131\u015f varl\u0131klar\u0131n T\u00fcrkiye\u2019ye getirilip burada en az 1 y\u0131l s\u00fcre ile tutulursa bu oranlar %0 olarak uygulanacak ve bildirim esnas\u0131nda al\u0131nan vergi iade edilecektir. Bunun i\u00e7in bildirimin yap\u0131lmas\u0131n\u0131n ard\u0131ndan ilgili varl\u0131klar\u0131n T\u00fcrkiye\u2019de herhangi bir bankaya ya da arac\u0131 kurumda a\u00e7\u0131lm\u0131\u015f hesaplara getirilip en az 1 y\u0131l s\u00fcre ile ilgili hesaplarda tutulmas\u0131 gerekmektedir.<\/p>\n<p>Yurtd\u0131\u015f\u0131nda bulunan varl\u0131klara ili\u015fkin yap\u0131lan bildirim s\u0131ras\u0131nda banka veya arac\u0131 kurum taraf\u0131ndan pe\u015fin olarak tahsil edilip vergi dairesine \u00f6denen vergiler, bildirim sahibinin vergi dairesine ba\u015fvuru yapmas\u0131yla kendisine birlikte iade edilecektir.<\/p>\n<p style=\"font-weight: 400;\"><strong>BU D\u00dcZENLEME NE T\u00dcR KORUMA SA\u011eLAMAKTADIR?<\/strong><\/p>\n<p style=\"font-weight: 400;\">Bu d\u00fczenleme, ger\u00e7ek ve t\u00fczel ki\u015filere varl\u0131klar\u0131n\u0131 \u00e7ok d\u00fc\u015f\u00fck vergi maliyetleriyle T\u00fcrkiye\u2019ye getirmelerine izin vermektedir. Ayn\u0131 zamanda T\u00fcrkiye\u2019de bulunup da daha \u00f6nce beyan edilmeyen varl\u0131klar\u0131n da belli oranda bir vergi \u00f6demesi suretiyle bildirilmesine olanak sa\u011flamaktad\u0131r. Ba\u015fka bir anlat\u0131mla, bu d\u00fczenleme ile, bildirilecek olan varl\u0131klar\u0131n kayna\u011f\u0131 sorulmayacak ve normalde uygulanan vergi oran\u0131ndan \u00e7ok daha d\u00fc\u015f\u00fck bir vergi oran\u0131 uygulanacakt\u0131r. D\u00fczenleme, ayn\u0131 zamanda ger\u00e7ek ve\/veya t\u00fczel ki\u015filerin yapaca\u011f\u0131 bildirimlerde ve\/veya varl\u0131klar\u0131n\u0131 T\u00fcrkiye\u2019ye getirmelerinde vergi daireleri taraf\u0131ndan inceleme yap\u0131lmayaca\u011f\u0131n\u0131 da garanti etmekte ve dolay\u0131s\u0131yla gelecekte vergi daireleri taraf\u0131ndan bildirimi yap\u0131lan varl\u0131klara yap\u0131lacak incelemelere kar\u015f\u0131 da koruma sa\u011flamaktad\u0131r.<\/p>\n<p style=\"font-weight: 400;\"><strong>SONU\u00c7 <\/strong><\/p>\n<p style=\"font-weight: 400;\">Son zamanlardaki ekonomik durumun etkilerinin hafifletilmesi amac\u0131yla \u00e7\u0131kar\u0131lan varl\u0131k bar\u0131\u015f\u0131 uygulamas\u0131 ilgili ki\u015filer i\u00e7in \u00f6nemli bir avantaj sa\u011flamaktad\u0131r. Ki\u015filer kay\u0131t alt\u0131na al\u0131nmam\u0131\u015f varl\u0131klar\u0131n\u0131 \u00e7ok uygun vergilerle ya da bildirdikleri bu varl\u0131klar\u0131n\u0131 T\u00fcrkiye\u2019de 1 y\u0131l s\u00fcre ile tutmalar\u0131 halinde vergisiz olarak kay\u0131t alt\u0131na al\u0131nabilmektedir. \u0130\u015fbu bilgilendirme notumuzda yeni d\u00fczenlemenin detaylar\u0131 incelenmi\u015ftir. D\u00fczenleme ile ilgili daha kapsaml\u0131 bilgi i\u00e7in taraf\u0131m\u0131za ba\u015fvurabilirsiniz.<\/p>\n<p>Bilgi ve de\u011ferlendirmelerinize sunulur.<\/p>","protected":false},"excerpt":{"rendered":"<p>TBMM\u2019de Kabul Edilen Yeni Varl\u0131k Bar\u0131\u015f\u0131 D\u00fczenlemesi Hakk\u0131nda Varl\u0131k bar\u0131\u015f\u0131, T\u00fcrkiye\u2019de bulunup da kay\u0131t alt\u0131na al\u0131namayan varl\u0131klar\u0131n ya da yurtd\u0131\u015f\u0131nda bulunan varl\u0131klar\u0131n (para, alt\u0131n, menkul k\u0131ymet gibi) T\u00fcrkiye&#8217;de banka ve arac\u0131 kurumlara ya da vergi dairesine bildirilerek kay\u0131t alt\u0131na al\u0131nmas\u0131 ve belli s\u00fcrelerde T\u00fcrkiye&#8217;ye getirilmesidir. 30.06.2022 tarihinde sona eren eski varl\u0131k bar\u0131\u015f\u0131ndan sonra yeni bir [&hellip;]<\/p>","protected":false},"author":1,"featured_media":7997,"comment_status":"closed","ping_status":"open","sticky":false,"template":"","format":"standard","meta":{"footnotes":""},"categories":[64],"tags":[],"class_list":["post-9161","post","type-post","status-publish","format-standard","has-post-thumbnail","hentry","category-vergi-hukuku"],"_links":{"self":[{"href":"https:\/\/www.eyuboglubuyukatak.av.tr\/en\/wp-json\/wp\/v2\/posts\/9161","targetHints":{"allow":["GET"]}}],"collection":[{"href":"https:\/\/www.eyuboglubuyukatak.av.tr\/en\/wp-json\/wp\/v2\/posts"}],"about":[{"href":"https:\/\/www.eyuboglubuyukatak.av.tr\/en\/wp-json\/wp\/v2\/types\/post"}],"author":[{"embeddable":true,"href":"https:\/\/www.eyuboglubuyukatak.av.tr\/en\/wp-json\/wp\/v2\/users\/1"}],"replies":[{"embeddable":true,"href":"https:\/\/www.eyuboglubuyukatak.av.tr\/en\/wp-json\/wp\/v2\/comments?post=9161"}],"version-history":[{"count":0,"href":"https:\/\/www.eyuboglubuyukatak.av.tr\/en\/wp-json\/wp\/v2\/posts\/9161\/revisions"}],"wp:featuredmedia":[{"embeddable":true,"href":"https:\/\/www.eyuboglubuyukatak.av.tr\/en\/wp-json\/wp\/v2\/media\/7997"}],"wp:attachment":[{"href":"https:\/\/www.eyuboglubuyukatak.av.tr\/en\/wp-json\/wp\/v2\/media?parent=9161"}],"wp:term":[{"taxonomy":"category","embeddable":true,"href":"https:\/\/www.eyuboglubuyukatak.av.tr\/en\/wp-json\/wp\/v2\/categories?post=9161"},{"taxonomy":"post_tag","embeddable":true,"href":"https:\/\/www.eyuboglubuyukatak.av.tr\/en\/wp-json\/wp\/v2\/tags?post=9161"}],"curies":[{"name":"wp","href":"https:\/\/api.w.org\/{rel}","templated":true}]}}