{"id":9151,"date":"2022-06-30T07:51:41","date_gmt":"2022-06-30T07:51:41","guid":{"rendered":"https:\/\/www.eyuboglubuyukatak.av.tr\/?p=9151"},"modified":"2023-12-12T16:56:37","modified_gmt":"2023-12-12T13:56:37","slug":"basin-kanunu-ile-bazi-kanunlarda-degisiklik-yapilmasina-dair-kanun-teklifi","status":"publish","type":"post","link":"https:\/\/www.eyuboglubuyukatak.av.tr\/en\/basin-kanunu-ile-bazi-kanunlarda-degisiklik-yapilmasina-dair-kanun-teklifi\/","title":{"rendered":"Bill on Amendments to the Press Law and Some Laws"},"content":{"rendered":"<p style=\"text-align: center;\"><strong>Bill on Amendments to the Press Law and Some Laws<\/strong><\/p>\n<p>15 Haziran 2022 tarihinde Sosyal medya ve internet habercili\u011fine ili\u015fkin d\u00fczenlemeleri i\u00e7eren Bas\u0131n Kanunu ile Baz\u0131 Kanunlarda De\u011fi\u015fiklik Yap\u0131lmas\u0131na Dair Kanun Teklifi&#8217;nin <strong>(\u201cTeklif\u201d)<\/strong> 14 maddesi daha TBMM Adalet Komisyonu&#8217;nda kabul edildi. Teklif\u2019in onaylanmas\u0131 ile birlikte \u00f6ng\u00f6r\u00fclen d\u00fczenlemeler a\u015fa\u011f\u0131daki gibi tespit edilmi\u015ftir.<\/p>\n<ol>\n<li>Teklif ile internet haber siteleri 5187 say\u0131l\u0131 Bas\u0131n Kanunu kapsam\u0131nda d\u00fczenleme alt\u0131na al\u0131nmaktad\u0131r. Yarg\u0131 mercileri taraf\u0131ndan yay\u0131n\u0131n soru\u015fturma ve kovu\u015fturma konusu oldu\u011funun internet haber sitesine yaz\u0131l\u0131 olarak bildirilmesi halinde, bu i\u015flemlerin sonu\u00e7land\u0131\u011f\u0131n\u0131n bildirilmesine kadar soru\u015fturma ve kovu\u015fturma konusu yay\u0131n kayd\u0131n\u0131n do\u011frulu\u011fu ve b\u00fct\u00fcnl\u00fc\u011f\u00fc korunmu\u015f bir \u015fekilde 2 y\u0131l s\u00fcre ile saklanmas\u0131 zorunlu olacakt\u0131r.<\/li>\n<li>Bas\u0131n duyurular\u0131 ve yarg\u0131 organlar\u0131nca verilen yay\u0131n yasa\u011f\u0131 kararlar\u0131 i\u00e7in beyannameler art\u0131k Cumhuriyet Ba\u015fsavc\u0131l\u0131\u011f\u0131 yerine Bas\u0131n \u0130lan Kurumuna verilecek ve Bas\u0131n \u0130lan Kurumu yay\u0131m\u0131n durdurulmas\u0131n\u0131 derhal talep edebilecektir.<\/li>\n<li>Nefret s\u00f6ylemi i\u00e7eren, toplumda korku ve panik yaratan ger\u00e7e\u011fe ayk\u0131r\u0131 bilgilerin sosyal medya \u00fczerinden yay\u0131lmas\u0131 bu yasa teklifiyle birlikte m\u00fcstakil ve ihlali halinde 1 y\u0131ldan 3 y\u0131la kadar hapis cezas\u0131 \u00f6ng\u00f6r\u00fclen bir su\u00e7 olarak d\u00fczenlenmi\u015ftir. Ayr\u0131ca, dezenformasyon i\u00e7eren payla\u015f\u0131mlar nezdinde yap\u0131lan \u015fikayetler \u00fczerine ilgili platformdan i\u00e7eri\u011fin kald\u0131r\u0131lmas\u0131na; kald\u0131rmamakta \u0131srar eden platformlar i\u00e7inse para cezas\u0131n\u0131n h\u00fckmedilmesine karar verilmi\u015ftir.<\/li>\n<li>Bas\u0131lm\u0131\u015f eserler veya internet haber siteleri yoluyla i\u015flenen veya bu kanunda \u00f6ng\u00f6r\u00fclen di\u011fer su\u00e7larla ilgili ceza davalar\u0131n\u0131n; bas\u0131lm\u0131\u015f eserlerin Cumhuriyet Ba\u015fsavc\u0131l\u0131\u011f\u0131na teslim edildi\u011fi tarihten ve internet haber siteleri i\u00e7in ise habere ili\u015fkin su\u00e7 ihbar\u0131n\u0131n yap\u0131ld\u0131\u011f\u0131 tarihten itibaren g\u00fcnl\u00fck s\u00fcreli yay\u0131nlar ve internet haber siteleri i\u00e7in 4 ay, di\u011fer bas\u0131lm\u0131\u015f eserler i\u00e7in 6 ay i\u00e7inde a\u00e7\u0131lmas\u0131 zorunlu olacakt\u0131r.<\/li>\n<li>T\u00fcrkiye&#8217;de faaliyet g\u00f6steren medya kurulu\u015flar\u0131n\u0131n T\u00fcrk vatanda\u015f\u0131 medya mensuplar\u0131na, s\u00fcreli yay\u0131nlar\u0131n sahiplerine veya t\u00fczel ki\u015fi temsilcileri ile radyo ve televizyonlar\u0131n y\u00f6netim kurulu ba\u015fkanlar\u0131na, medya kurulu\u015flar\u0131 ad\u0131na hareket eden ve g\u00f6rev alan\u0131 T\u00fcrkiye&#8217;yi kapsayan yabanc\u0131 medya mensuplar\u0131 ile g\u00f6rev alan\u0131 T\u00fcrkiye&#8217;yi kapsamamakla beraber ge\u00e7ici bir s\u00fcreyle T\u00fcrkiye&#8217;ye haber ama\u00e7l\u0131 gelen yabanc\u0131 medya mensuplar\u0131na, yurt d\u0131\u015f\u0131nda yay\u0131n yapan medya kurulu\u015flar\u0131n\u0131n T\u00fcrk vatanda\u015f\u0131 sahiplerine ve \u00e7al\u0131\u015fanlar\u0131na, yurt d\u0131\u015f\u0131nda serbest gazetecilik yapan T\u00fcrk vatanda\u015f\u0131 medya mensuplar\u0131na, medya alan\u0131nda hizmet veren kamu kurum ve kurulu\u015flar\u0131nda ve kamu kurum ve kurulu\u015flar\u0131n\u0131n y\u00fcr\u00fctt\u00fckleri enformasyon hizmetlerinde \u00e7al\u0131\u015fan kamu personeline, medya alan\u0131nda faaliyet g\u00f6stermeleri \u015fart\u0131yla sendikalar ile kamu yarar\u0131na faaliyette bulundu\u011fu tespit edilen dernek ve vak\u0131flar\u0131n y\u00f6neticilerine verilece\u011fi kabul edilen Bas\u0131n Kart\u0131 d\u00fczenlemesine yer verilen teklifte Bas\u0131n Kartlar\u0131n\u0131n resmi nitelikte bir kimlik belgesi niteli\u011fi ta\u015f\u0131yaca\u011f\u0131 ve \u0130leti\u015fim Ba\u015fkanl\u0131\u011f\u0131nca ilgililere teslim edilece\u011fi d\u00fczenlenmi\u015ftir. Ayr\u0131ca Bas\u0131n Kart\u0131na ili\u015fkin karar mercii olarak 9 \u00fcyeden olu\u015fan ve 2 y\u0131l s\u00fcre ile g\u00f6revde kalmas\u0131 \u00f6ng\u00f6r\u00fclen Bas\u0131n Kart\u0131 Komisyonu olu\u015fturulmas\u0131na karar verilmi\u015ftir.<\/li>\n<li>Teklif\u2019e g\u00f6re, T\u00fcrkiye\u2019den g\u00fcnl\u00fck eri\u015fimi bir milyondan fazla olan Sosyal A\u011f Sa\u011flay\u0131c\u0131lar\u0131n temsilcileri art\u0131k T\u00fcrkiye\u2019de ikamet eden T\u00fcrk vatanda\u015flar\u0131 olmak durumundad\u0131r. Eri\u015fimi 10 milyondan fazla ise temsilci; teknik, idari, hukuki ve mali anlamda tam yetkili olacakt\u0131r. Ayr\u0131ca Sosyal A\u011f Sa\u011flay\u0131c\u0131lar\u0131; Bilgi Teknolojileri ve \u0130leti\u015fim Kurumu (B.T.K)\u2019na ba\u015fl\u0131k etiketleri, \u00f6ne \u00e7\u0131kar\u0131lan ya da eri\u015fimi azalt\u0131lan i\u00e7eriklere y\u00f6nelik algoritma, veri i\u015fleme mekanizmalar\u0131, reklam politikalar\u0131 gibi, Bilgi Teknolojileri ve \u0130leti\u015fim Kurumu (B.T.K)\u2019nun istedi\u011fi bilgileri kuruma vermekle y\u00fck\u00fcml\u00fc olurken; Bilgi Teknolojileri ve \u0130leti\u015fim Kurumu (B.T.K) Ba\u015fkan\u0131n\u0131n ald\u0131\u011f\u0131, i\u00e7erik kald\u0131rma ya da eri\u015fim engeli karar\u0131 uygulanmazsa, T\u00fcrkiye\u2019de yerle\u015fik ki\u015filerin \u2018Sosyal A\u011f Sa\u011flay\u0131c\u0131\u2019ya reklam vermeleri 6 aya kadar yasaklanabilecektir.<\/li>\n<li>Teklif ile ki\u015filik haklar\u0131 ihlalleri cezaland\u0131r\u0131lacak ve sosyal medyada payla\u015f\u0131lan uygunsuz i\u00e7eriklerin kald\u0131r\u0131lmas\u0131 i\u00e7in sosyal medya temsilcisine ba\u015fvurulabilecektir.<\/li>\n<\/ol>\n<p><strong>Sonu\u00e7<\/strong><\/p>\n<p>Teklif ile gerek medya ve bas\u0131n yay\u0131n kurulu\u015flar\u0131 gerek de sosyal medya kullan\u0131c\u0131s\u0131 ger\u00e7ek ve t\u00fczel ki\u015filerin korunmas\u0131 ama\u00e7land\u0131\u011f\u0131 \u00f6ne s\u00fcr\u00fclm\u00fc\u015f ve bu do\u011frultuda \u00f6nemli d\u00fczenleme ve yenilikler getirilmi\u015ftir.<\/p>\n<p>&nbsp;<\/p>\n<p>Teklif\u2019in TBMM resmi internet sitesinde yay\u0131mlanan tam metnine ula\u015fmak i\u00e7in <a href=\"https:\/\/www.tbmm.gov.tr\/Haber\/Detay?haberSiraNo=154286\" target=\"_blank\" rel=\"noopener\">buraya<\/a> t\u0131klay\u0131n\u0131z.<\/p>\n<p>&nbsp;<\/p>\n<p><strong>Bilgi ve de\u011ferlendirmenize sunulur.<\/strong><\/p>","protected":false},"excerpt":{"rendered":"<p>Bas\u0131n Kanunu ile Baz\u0131 Kanunlarda De\u011fi\u015fiklik Yap\u0131lmas\u0131na Dair Kanun Teklifi 15 Haziran 2022 tarihinde Sosyal medya ve internet habercili\u011fine ili\u015fkin d\u00fczenlemeleri i\u00e7eren Bas\u0131n Kanunu ile Baz\u0131 Kanunlarda De\u011fi\u015fiklik Yap\u0131lmas\u0131na Dair Kanun Teklifi&#8217;nin (\u201cTeklif\u201d) 14 maddesi daha TBMM Adalet Komisyonu&#8217;nda kabul edildi. Teklif\u2019in onaylanmas\u0131 ile birlikte \u00f6ng\u00f6r\u00fclen d\u00fczenlemeler a\u015fa\u011f\u0131daki gibi tespit edilmi\u015ftir. Teklif ile internet haber [&hellip;]<\/p>","protected":false},"author":1,"featured_media":7997,"comment_status":"closed","ping_status":"open","sticky":false,"template":"","format":"standard","meta":{"footnotes":""},"categories":[41,61,62],"tags":[],"class_list":["post-9151","post","type-post","status-publish","format-standard","has-post-thumbnail","hentry","category-bilisim-hukuku-tr","category-data-protection-law","category-kisisel-verilerin-korunmasi-kanunu"],"_links":{"self":[{"href":"https:\/\/www.eyuboglubuyukatak.av.tr\/en\/wp-json\/wp\/v2\/posts\/9151","targetHints":{"allow":["GET"]}}],"collection":[{"href":"https:\/\/www.eyuboglubuyukatak.av.tr\/en\/wp-json\/wp\/v2\/posts"}],"about":[{"href":"https:\/\/www.eyuboglubuyukatak.av.tr\/en\/wp-json\/wp\/v2\/types\/post"}],"author":[{"embeddable":true,"href":"https:\/\/www.eyuboglubuyukatak.av.tr\/en\/wp-json\/wp\/v2\/users\/1"}],"replies":[{"embeddable":true,"href":"https:\/\/www.eyuboglubuyukatak.av.tr\/en\/wp-json\/wp\/v2\/comments?post=9151"}],"version-history":[{"count":0,"href":"https:\/\/www.eyuboglubuyukatak.av.tr\/en\/wp-json\/wp\/v2\/posts\/9151\/revisions"}],"wp:featuredmedia":[{"embeddable":true,"href":"https:\/\/www.eyuboglubuyukatak.av.tr\/en\/wp-json\/wp\/v2\/media\/7997"}],"wp:attachment":[{"href":"https:\/\/www.eyuboglubuyukatak.av.tr\/en\/wp-json\/wp\/v2\/media?parent=9151"}],"wp:term":[{"taxonomy":"category","embeddable":true,"href":"https:\/\/www.eyuboglubuyukatak.av.tr\/en\/wp-json\/wp\/v2\/categories?post=9151"},{"taxonomy":"post_tag","embeddable":true,"href":"https:\/\/www.eyuboglubuyukatak.av.tr\/en\/wp-json\/wp\/v2\/tags?post=9151"}],"curies":[{"name":"wp","href":"https:\/\/api.w.org\/{rel}","templated":true}]}}