{"id":9131,"date":"2022-04-19T08:14:40","date_gmt":"2022-04-19T08:14:40","guid":{"rendered":"https:\/\/www.eyuboglubuyukatak.av.tr\/?p=9131"},"modified":"2023-12-12T16:56:37","modified_gmt":"2023-12-12T13:56:37","slug":"iscinin-fazla-calisma-ucreti-ile-mulkiyet-hakki-iliskisine-yonelik-anayasa-mahkemesi-karari","status":"publish","type":"post","link":"https:\/\/www.eyuboglubuyukatak.av.tr\/en\/iscinin-fazla-calisma-ucreti-ile-mulkiyet-hakki-iliskisine-yonelik-anayasa-mahkemesi-karari\/","title":{"rendered":"\u0130\u015f\u00e7inin Fazla \u00c7al\u0131\u015fma \u00dccreti ile M\u00fclkiyet Hakk\u0131 \u0130li\u015fkisine Y\u00f6nelik Anayasa Mahkemesi Karar\u0131"},"content":{"rendered":"<p style=\"text-align: center;\"><strong>\u0130\u015f\u00e7inin Fazla \u00c7al\u0131\u015fma \u00dccretinin \u00d6denmemesi Nedeniyle M\u00fclkiyet Hakk\u0131n\u0131n \u0130hlali Hakk\u0131nda 2019\/1450 Ba\u015fvuru Numaral\u0131 22\/02\/2022 tarihli Anayasa Mahkemesi Karar\u0131<\/strong><\/p>\n<p>Ba\u015fvurucu i\u015f\u00e7inin, i\u015fverenin tek tarafl\u0131 olarak 4857 say\u0131l\u0131 \u0130\u015f Kanunu\u2019nun(\u201cKanun\u201d) 18. maddesine dayanarak i\u015f s\u00f6zle\u015fmesini feshetmesi sonucunda ilk derece mahkemesi taraf\u0131ndan k\u0131dem ve ihbar tazminatlar\u0131 ile \u00fccrete d\u00f6n\u00fc\u015fen y\u0131ll\u0131k izin alaca\u011f\u0131n\u0131n eksik \u00f6dendi\u011fi ve bilirki\u015filerce hesaplanan 260 saat fazla \u00e7al\u0131\u015fma \u00fccretinin hi\u00e7 \u00f6denmedi\u011fine karar vermi\u015f, Kanun\u2019a istinaden i\u015fverenin her y\u0131l\u0131n ba\u015f\u0131nda fazla mesaiye ili\u015fkin olarak i\u015f\u00e7inin onay\u0131n\u0131 ald\u0131\u011f\u0131n\u0131 ispatlayamamas\u0131 nedeniyle birinci y\u0131ldan sonraki \u00e7al\u0131\u015fmalar i\u00e7in \u00fccret \u00f6denmesinin zorunlu oldu\u011funu kabul etmi\u015ftir.<\/p>\n<p>\u0130\u015fveren taraf\u0131ndan istinaf yoluna gidilmi\u015f ve Adana B\u00f6lge Adliye Mahkemesi, i\u015f s\u00f6zle\u015fmesinde belirlenen fazla \u00e7al\u0131\u015fma \u00fccretinin as\u0131l \u00fccrete dahil oldu\u011funa ili\u015fkin h\u00fckme istinaden i\u015f\u00e7inin i\u015f s\u00f6zle\u015fmesindeki onay\u0131 geri almad\u0131\u011f\u0131 s\u00fcrece y\u0131ll\u0131k 270 saati a\u015fmayan fazla \u00e7al\u0131\u015fma \u00fccretinin i\u015f\u00e7iye \u00f6dendi\u011fini, Kanun\u2019un 41\u2019inci maddesine ili\u015fkin Y\u00f6netmelik\u2019in 9. maddesinin ikinci f\u0131kras\u0131nda 25\/08\/2017 tarihinde yap\u0131lan de\u011fi\u015fiklikle birlikte i\u015f\u00e7iden fazla \u00e7al\u0131\u015fma onay\u0131n\u0131n her y\u0131l al\u0131nma uygulamas\u0131n\u0131n son buldu\u011fu, i\u015f\u00e7inin hizmet s\u00f6zle\u015fmesi imzalarken verdi\u011fi onay\u0131 geri almad\u0131k\u00e7a ge\u00e7erli oldu\u011fu gerek\u00e7esiyle i\u015f\u00e7inin fazla \u00e7al\u0131\u015fma \u00fccretine hak kazanmayaca\u011f\u0131 kanaatine vararak fazla mesai \u00fccretine hak kazanamayaca\u011f\u0131n\u0131 a\u00e7\u0131klam\u0131\u015ft\u0131r.<\/p>\n<p>\u0130\u015f\u00e7i taraf\u0131ndan istinaf mahkemesinin \u00e7al\u0131\u015fma \u00fccretine hak kazan\u0131lmayaca\u011f\u0131 karar\u0131 sebebiyle m\u00fclkiyet hakk\u0131n\u0131n ihlal edildi\u011fine ili\u015fkin Anayasa Mahkemesi\u2019ne ba\u015fvuru yap\u0131lm\u0131\u015f; mahkeme taraf\u0131ndan bu konuda,<\/p>\n<ul>\n<li>Y\u00f6netmelik\u2019in 9. maddesinin ikinci f\u0131kras\u0131nda 25\/08\/2017 tarihinde yap\u0131lan de\u011fi\u015fiklikle her y\u0131l\u0131n ba\u015f\u0131nda onay alma \u015fart\u0131n\u0131n kald\u0131r\u0131ld\u0131\u011f\u0131 ve i\u015f s\u00f6zle\u015fmesinin yap\u0131lmas\u0131 esnas\u0131nda verilen onay\u0131n yeterli oldu\u011funu,<\/li>\n<li>Verilen onay\u0131n i\u015f\u00e7inin kanuni \u00e7al\u0131\u015fma saatleri d\u0131\u015f\u0131nda da \u00e7al\u0131\u015fmaya zorlay\u0131p zorlayamayaca\u011f\u0131na ili\u015fkin olup fazla \u00e7al\u0131\u015fma \u00fccreti talep hakk\u0131ndan vazge\u00e7ilmesiyle bir ilgisinin bulunmad\u0131\u011f\u0131n\u0131 ve fazla \u00e7al\u0131\u015fmaya onay verilmesinin fazla \u00e7al\u0131\u015fma \u00fccretinden feragat anlam\u0131na gelece\u011fine dair bir d\u00fczenleme bulunmad\u0131\u011f\u0131n\u0131,<\/li>\n<li>\u0130\u015f\u00e7inin fazla \u00e7al\u0131\u015fmas\u0131n\u0131n kar\u015f\u0131l\u0131\u011f\u0131n\u0131n as\u0131l \u00fccretine dahil oldu\u011funu i\u015f s\u00f6zle\u015fmesinde kabul etmesi sebebiyle lehine fazla \u00e7al\u0131\u015fma \u00fccretine h\u00fckmedilmemesinin kural olarak m\u00fclkiyet hakk\u0131n\u0131 ihlal etmeyece\u011fini,<\/li>\n<li>\u0130\u015f\u00e7inin fazla \u00e7al\u0131\u015fma \u00fccretine kazand\u0131\u011f\u0131 haktan feragat etmesine engel bir olmamas\u0131yla birlikte feragatin ge\u00e7erlilik unsurlar\u0131n\u0131 bulundu\u011funu dolay\u0131s\u0131yla i\u015f\u00e7inin mesai \u00fccreti talep etmeksizin fazla \u00e7al\u0131\u015fmaya r\u0131za g\u00f6sterdi\u011fi kabul edilse dahi ilk i\u015f y\u0131l\u0131 d\u0131\u015f\u0131ndaki fazla \u00e7al\u0131\u015fma saatlerine ili\u015fkin \u00fccret verilmemesinin emredici h\u00fck\u00fcmlere ayk\u0131r\u0131 kabul edilmesi gerekti\u011fini<\/li>\n<\/ul>\n<p>ifade etmi\u015ftir.<\/p>\n<p>Sonu\u00e7 olarak, B\u00f6lge Adliye Mahkemesi\u2019nin fazla \u00e7al\u0131\u015fma \u00fccreti hak kazan\u0131m\u0131na ili\u015fkin hukuk kurallar\u0131 ile kurdu\u011fu ili\u015fkide a\u011f\u0131r hata te\u015fkil edecek yorumlama yap\u0131ld\u0131\u011f\u0131 ve ayk\u0131r\u0131l\u0131k bulundu\u011fu sonucuna ula\u015f\u0131larak, i\u015f\u00e7inin her y\u0131l\u0131n ba\u015f\u0131nda onay al\u0131nmas\u0131n\u0131n zorunlu oldu\u011fu 2008-2015 d\u00f6nemleri aras\u0131nda fazla \u00e7al\u0131\u015ft\u0131\u011f\u0131, Y\u00f6netmelik\u2019te de\u011fi\u015fiklik \u00f6ncesi d\u00fczenleme uyar\u0131nca r\u0131zay\u0131 geri alma gerekmeksizin i\u015f s\u00f6zle\u015fmesinin ilk y\u0131l\u0131n\u0131 takip eden y\u0131llarda i\u015f\u00e7inin yeniden r\u0131zas\u0131n\u0131n al\u0131nmas\u0131 gerekli iken i\u015fveren taraf\u0131ndan i\u015f\u00e7iden fazla \u00e7al\u0131\u015fmaya y\u00f6nelik r\u0131za al\u0131nmad\u0131\u011f\u0131 kan\u0131s\u0131na var\u0131lm\u0131\u015ft\u0131r.<\/p>\n<p><strong><em>Bilgi ve de\u011ferlendirmenize sunulur.<\/em><\/strong><\/p>\n<p>&nbsp;<\/p>","protected":false},"excerpt":{"rendered":"<p>\u0130\u015f\u00e7inin Fazla \u00c7al\u0131\u015fma \u00dccretinin \u00d6denmemesi Nedeniyle M\u00fclkiyet Hakk\u0131n\u0131n \u0130hlali Hakk\u0131nda 2019\/1450 Ba\u015fvuru Numaral\u0131 22\/02\/2022 tarihli Anayasa Mahkemesi Karar\u0131 Ba\u015fvurucu i\u015f\u00e7inin, i\u015fverenin tek tarafl\u0131 olarak 4857 say\u0131l\u0131 \u0130\u015f Kanunu\u2019nun(\u201cKanun\u201d) 18. maddesine dayanarak i\u015f s\u00f6zle\u015fmesini feshetmesi sonucunda ilk derece mahkemesi taraf\u0131ndan k\u0131dem ve ihbar tazminatlar\u0131 ile \u00fccrete d\u00f6n\u00fc\u015fen y\u0131ll\u0131k izin alaca\u011f\u0131n\u0131n eksik \u00f6dendi\u011fi ve bilirki\u015filerce hesaplanan 260 [&hellip;]<\/p>","protected":false},"author":1,"featured_media":7997,"comment_status":"closed","ping_status":"open","sticky":false,"template":"","format":"standard","meta":{"footnotes":""},"categories":[63],"tags":[],"class_list":["post-9131","post","type-post","status-publish","format-standard","has-post-thumbnail","hentry","category-is-hukuku"],"_links":{"self":[{"href":"https:\/\/www.eyuboglubuyukatak.av.tr\/en\/wp-json\/wp\/v2\/posts\/9131","targetHints":{"allow":["GET"]}}],"collection":[{"href":"https:\/\/www.eyuboglubuyukatak.av.tr\/en\/wp-json\/wp\/v2\/posts"}],"about":[{"href":"https:\/\/www.eyuboglubuyukatak.av.tr\/en\/wp-json\/wp\/v2\/types\/post"}],"author":[{"embeddable":true,"href":"https:\/\/www.eyuboglubuyukatak.av.tr\/en\/wp-json\/wp\/v2\/users\/1"}],"replies":[{"embeddable":true,"href":"https:\/\/www.eyuboglubuyukatak.av.tr\/en\/wp-json\/wp\/v2\/comments?post=9131"}],"version-history":[{"count":0,"href":"https:\/\/www.eyuboglubuyukatak.av.tr\/en\/wp-json\/wp\/v2\/posts\/9131\/revisions"}],"wp:featuredmedia":[{"embeddable":true,"href":"https:\/\/www.eyuboglubuyukatak.av.tr\/en\/wp-json\/wp\/v2\/media\/7997"}],"wp:attachment":[{"href":"https:\/\/www.eyuboglubuyukatak.av.tr\/en\/wp-json\/wp\/v2\/media?parent=9131"}],"wp:term":[{"taxonomy":"category","embeddable":true,"href":"https:\/\/www.eyuboglubuyukatak.av.tr\/en\/wp-json\/wp\/v2\/categories?post=9131"},{"taxonomy":"post_tag","embeddable":true,"href":"https:\/\/www.eyuboglubuyukatak.av.tr\/en\/wp-json\/wp\/v2\/tags?post=9131"}],"curies":[{"name":"wp","href":"https:\/\/api.w.org\/{rel}","templated":true}]}}