{"id":9067,"date":"2022-01-05T13:17:44","date_gmt":"2022-01-05T13:17:44","guid":{"rendered":"https:\/\/www.eyuboglubuyukatak.av.tr\/?p=9067"},"modified":"2023-12-12T16:56:37","modified_gmt":"2023-12-12T13:56:37","slug":"kisisel-verilerin-korunmasi-kanunu-hakkinda-dogru-bilinen-yanlislar","status":"publish","type":"post","link":"https:\/\/www.eyuboglubuyukatak.av.tr\/en\/kisisel-verilerin-korunmasi-kanunu-hakkinda-dogru-bilinen-yanlislar\/","title":{"rendered":"6698 say\u0131l\u0131 Ki\u015fisel Verilerin Korunmas\u0131 Kanunu Hakk\u0131nda Do\u011fru Bilinen Yanl\u0131\u015flar Rehberi Hakk\u0131nda"},"content":{"rendered":"<p><strong>6698 say\u0131l\u0131 Ki\u015fisel Verilerin Korunmas\u0131 Kanunu Hakk\u0131nda Do\u011fru Bilinen Yanl\u0131\u015flar -2 Rehberi Hakk\u0131nda<\/strong><\/p>\n<p>Ki\u015fisel Verileri Koruma Kurumu, 3 Ocak 2022 tarihinde internet sitesinde \u201c6698 say\u0131l\u0131 Ki\u015fisel Verilerin Korunmas\u0131 Kanunu Hakk\u0131nda Do\u011fru Bilinen Yanl\u0131\u015flar -2\u201d isimli rehberi yay\u0131mlam\u0131\u015f ve i\u015fbu rehberde 6698 say\u0131l\u0131 Ki\u015fisel Verilerin Korunmas\u0131 Kanunu\u2019nun (\u201cKanun\u201d) uygulamas\u0131n\u0131 olu\u015fturan; a\u00e7\u0131k r\u0131za, ayd\u0131nlatma y\u00fck\u00fcml\u00fcl\u00fc\u011f\u00fc, sicile kay\u0131t gibi bir\u00e7ok unsurun uygulamadaki yans\u0131mas\u0131n\u0131 \u00f6zetlemeye gayret etmi\u015ftir. A\u015fa\u011f\u0131da ilgili rehberde yer alan ba\u015fl\u0131ca soru ve cevap \u00f6zetlerini dikkatinize sunar\u0131z;<\/p>\n<table width=\"605\">\n<tbody>\n<tr>\n<td colspan=\"3\" width=\"605\"><strong>A.\u00a0\u00a0\u00a0 <\/strong><strong>Ki\u015fisel Veri<\/strong><\/td>\n<\/tr>\n<tr>\n<td width=\"197\"><strong>Ses, g\u00f6r\u00fcnt\u00fc foto\u011fraf gibi verilerin hepsi biyometrik veri midir?<\/strong><\/td>\n<td width=\"50\">Hay\u0131r<\/td>\n<td width=\"357\"><strong>Esas olan ki\u015finin benzersiz bir \u015fekilde tan\u0131lanmas\u0131\/kimli\u011finin do\u011frulanmas\u0131d\u0131r. Bu bak\u0131mdan \u00f6rne\u011fin biyometrik foto\u011fraf biyometrik veri iken, cep telefonu ile \u00e7ekilen herhangi bir foto\u011fraf biyometrik veri de\u011fildir.<br \/>\n<\/strong><\/td>\n<\/tr>\n<tr>\n<td width=\"197\">Biyometrik imza \u00f6zel nitelikli ki\u015fisel veri midir?<\/td>\n<td width=\"50\"><strong>Evet<\/strong><\/td>\n<td width=\"357\">Biyometrik imza; imza esnas\u0131nda uygulanan bas\u0131nc\u0131n miktar\u0131, yazma a\u00e7\u0131s\u0131, kalemin h\u0131z ve ivmesi gibi ki\u015finin sahip oldu\u011fu benzersiz \u00f6zellikleri bar\u0131nd\u0131rd\u0131\u011f\u0131ndan bu kapsamdad\u0131r.<\/td>\n<\/tr>\n<tr>\n<td width=\"197\"><strong>Takma ad kullan\u0131lan veriler, Kanun kapsam\u0131nda m\u0131d\u0131r? <\/strong><\/td>\n<td width=\"50\">Evet<\/td>\n<td width=\"357\"><strong>Takma ad kullan\u0131m\u0131yla, ki\u015fisel veriler anonim h\u00e2le getirilmi\u015f<\/strong><strong>\u0327<\/strong><strong> olmad\u0131\u011f\u0131ndan, bu veriler Kanun kapsam\u0131ndad\u0131r. <\/strong><\/td>\n<\/tr>\n<tr>\n<td colspan=\"3\" width=\"605\"><strong>B.\u00a0\u00a0\u00a0 <\/strong><strong>Ki\u015fisel Veri \u0130\u015fleme Faaliyeti ve A\u00e7\u0131k R\u0131za <\/strong><\/td>\n<\/tr>\n<tr>\n<td width=\"197\">Bir ki\u015fisel veri i\u015fleme faaliyeti Kanunda \u00f6ng\u00f6r\u00fclen birden fazla i\u015fleme \u015fart\u0131na dayan\u0131larak ger\u00e7ekle\u015ftirilebilir mi?<\/td>\n<td width=\"50\"><strong>Evet<\/strong><\/td>\n<td width=\"357\">Esas olan a\u00e7\u0131k r\u0131za i\u015fleme \u015fart\u0131 ile di\u011fer i\u015fleme \u015fartlar\u0131na dayan\u0131larak veri i\u015fleme faaliyeti ger\u00e7ekle\u015ftirmemektir. A\u00e7\u0131k r\u0131zan\u0131n gerekli olmad\u0131\u011f\u0131 durumlarda onay almak, ilgili ki\u015fiyi yan\u0131lt\u0131c\u0131 nitelikte bir faaliyettir.<\/td>\n<\/tr>\n<tr>\n<td width=\"197\"><strong><br \/>\nKanundaki ki\u015fisel veri i\u015fleme \u015fartlar\u0131ndan a\u00e7\u0131k r\u0131zan\u0131n di\u011fer i\u015fleme \u015fartlar\u0131na g\u00f6re bir \u00f6nceli\u011fi var m\u0131d\u0131r?<\/strong><\/td>\n<td width=\"50\">\nHay\u0131r<\/td>\n<td width=\"357\"><strong><br \/>\nAncak ba\u015fka bir veri i\u015fleme \u015fart\u0131 s\u00f6z konusu iken ilgili ki\u015fiden a\u00e7\u0131k r\u0131za almak, yan\u0131lt\u0131c\u0131 nitelikle bir faaliyet oldu\u011funda \u00f6ncelikle Kanun\u2019un 5 ve 6. maddelerinde yer alan di\u011fer \u015fartlar\u0131 kontrol etmek pratik olarak daha sa\u011fl\u0131kl\u0131d\u0131r.<br \/>\n<\/strong><\/td>\n<\/tr>\n<tr>\n<td width=\"197\">Opt-in se\u00e7ene\u011fi sunulmay\u0131p sadece Opt-out se\u00e7ene\u011fi sunularak, ilgili ki\u015finin ki\u015fisel verilerinin i\u015flenmesi durumunda hukuka uygun bir i\u015flemeden bahsedilebilir mi?<\/td>\n<td width=\"50\"><strong>Hay\u0131r<\/strong><\/td>\n<td width=\"357\">Ge\u00e7erli bir a\u00e7\u0131k r\u0131za i\u00e7in aktif r\u0131za y\u00f6ntemi esast\u0131r.<\/p>\n<p>&nbsp;<\/p>\n<p>&nbsp;<\/p>\n<p>&nbsp;<\/td>\n<\/tr>\n<tr>\n<td width=\"197\"><strong><br \/>\nKi\u015fisel veriler, 108 say\u0131l\u0131 S\u00f6zle\u015fmeye dayal\u0131 olarak yurt d\u0131\u015f\u0131na aktar\u0131labilir mi?<\/strong><\/td>\n<td width=\"50\">\nHay\u0131r<\/td>\n<td width=\"357\"><strong><br \/>\n108 say\u0131l\u0131 S\u00f6zle\u015fmeye taraf bir \u00fclkeye yap\u0131lacak ki\u015fisel veri aktar\u0131mlar\u0131 yaln\u0131zca Kanunun 5. maddesinin ikinci f\u0131kras\u0131nda veya 6. maddesinin \u00fc\u00e7\u00fcnc\u00fc f\u0131kras\u0131nda \u00f6ng\u00f6r\u00fclen \u015fartlardan birinin varl\u0131\u011f\u0131 ve Kurul taraf\u0131ndan ayr\u0131ca aktar\u0131m yap\u0131lacak \u00fclke hakk\u0131nda yeterli koruma bulundu\u011funa karar verilmesi h\u00e2li sakl\u0131 kalmak \u00fczere, aktar\u0131m taraflar\u0131n\u0131n yeterli bir korumay\u0131 yaz\u0131l\u0131 olarak taahh\u00fct etmeleri ve Kurulun izninin bulunmas\u0131 h\u00e2linde yap\u0131labilecektir.<br \/>\n<\/strong><\/td>\n<\/tr>\n<tr>\n<td colspan=\"3\" width=\"605\"><strong>C.\u00a0\u00a0\u00a0 <\/strong><strong>Ayd\u0131nlatma Y\u00fck\u00fcml\u00fcl\u00fc\u011f\u00fc<\/strong><\/td>\n<\/tr>\n<tr>\n<td width=\"197\">Ayd\u0131nlatma s\u00fcrecinde, Kanunun 5 ve 6. maddelerinin tamam\u0131n\u0131n say\u0131lmas\u0131 h\u00e2linde, ayd\u0131nlatma y\u00fck\u00fcml\u00fcl\u00fc\u011f\u00fc mevzuata uygun yerine getirilmi\u015f say\u0131l\u0131r m\u0131?<\/td>\n<td width=\"50\"><strong>Hay\u0131r<\/strong><\/td>\n<td width=\"357\">Kanun\u2019un 5 ve 6. maddelerinde belirtilen i\u015fleme \u015fartlar\u0131ndan hangisine dayan\u0131ld\u0131\u011f\u0131n\u0131n ayd\u0131nlatma s\u00fcrecinde a\u00e7\u0131k\u00e7a belirtilmesi gerekmektedir.<\/td>\n<\/tr>\n<tr>\n<td width=\"197\"><strong>Ayd\u0131nlatma s\u00fcrecinde yaz\u0131l\u0131 onay al\u0131nmas\u0131, a\u00e7\u0131k r\u0131za yerine de ge\u00e7er mi?<\/strong><\/p>\n<p>Ayd\u0131nlatma metninde hukuki sebebe yer verilmesi, i\u015fleme amac\u0131n\u0131n da g\u00f6sterildi\u011fi anlam\u0131na gelir mi?<\/p>\n<p><strong>\u00a0<\/strong><\/td>\n<td width=\"50\">Hay\u0131r<\/p>\n<p>&nbsp;<\/p>\n<p>&nbsp;<\/p>\n<p>&nbsp;<\/p>\n<p><strong>Hay\u0131r<\/strong><\/td>\n<td width=\"357\"><strong>Ayd\u0131nlatma s\u00fcrecinde onayl\u0131yorum \u015feklinde ifadenin al\u0131nmas\u0131, a\u00e7\u0131k r\u0131za ile kar\u0131\u015f\u0131kl\u0131k yaratabilece\u011finden yaz\u0131l\u0131 onay al\u0131nmamas\u0131 tavsiye edilir.<\/p>\n<p><\/strong>Hukuki sebep, Kanun\u2019un 5, 6. maddelerinden hangisine dayan\u0131larak veri i\u015fleme faaliyetinin y\u00fcr\u00fct\u00fcld\u00fc\u011f\u00fcn\u00fc veri i\u015fleme amac\u0131 ise i\u015fleme faaliyetinin hangi ama\u00e7la y\u00fcr\u00fct\u00fcld\u00fc\u011f\u00fcn\u00fc g\u00f6sterir. \u0130kisi de ayr\u0131 ayr\u0131 belirtilmelidir.<\/td>\n<\/tr>\n<tr>\n<td width=\"197\"><\/td>\n<td width=\"50\"><\/td>\n<td width=\"357\"><\/td>\n<\/tr>\n<tr>\n<td colspan=\"3\" width=\"605\"><strong>D.\u00a0\u00a0 <\/strong><strong>Veri Sorumlusuna Ba\u015fvuru<\/strong><\/td>\n<\/tr>\n<tr>\n<td width=\"197\"><strong>Veri sorumlusu nezdinde ilgili ki\u015finin ki\u015fisel verisi i\u015flenmemi\u015fse veri sorumlusu ilgili ki\u015finin ba\u015fvurusunu yan\u0131ts\u0131z b\u0131rakabilir mi?<br \/>\n<\/strong><\/td>\n<td width=\"50\">Hay\u0131r<\/td>\n<td width=\"357\"><strong>Kanun uyar\u0131nca veri sorumlusunun ilgili ki\u015finin ba\u015fvurusunu kabul etmesi veya gerek\u00e7esini a\u00e7\u0131klayarak reddetmesi gerekmektedir<\/strong>.<\/td>\n<\/tr>\n<tr>\n<td width=\"197\">Veri sorumlusu s\u00f6zle\u015fme ile ki\u015fisel verilerin korunmas\u0131 mevzuat\u0131 \u00e7er\u00e7evesindeki y\u00fck\u00fcml\u00fcl\u00fcklerini veri i\u015fleyene devredebilir mi? Bu durumda veri sorumlusunun sorumluluklar\u0131 ortadan kalkar m\u0131?<\/td>\n<td width=\"50\"><strong>Hay\u0131r<\/strong><\/td>\n<td width=\"357\">S\u00f6zle\u015fme ili\u015fkisi \u00e7er\u00e7evesinde veri sorumlusun belirli y\u00fck\u00fcml\u00fcl\u00fcklerin yerine getirilmesi konusunda veri i\u015fleyene yetki verebilir ancak bu yetkilendirme sorumlulu\u011fu ortadan kald\u0131rmaz.<\/td>\n<\/tr>\n<tr>\n<td width=\"197\"><strong>Veri sorumlusu, kendisine yap\u0131lan ba\u015fvurunun usule ayk\u0131r\u0131 oldu\u011fu gerek\u00e7esiyle ba\u015fvuruyu yan\u0131ts\u0131z b\u0131rakabilir mi?<br \/>\n<\/strong><\/td>\n<td width=\"50\">Hay\u0131r<\/td>\n<td width=\"357\"><strong>Kanun uyar\u0131nca veri sorumlusunun ilgili ki\u015finin ba\u015fvurusunu kabul etmesi veya gerek\u00e7esini a\u00e7\u0131klayarak reddetmesi gerekmektedir.<\/strong><\/td>\n<\/tr>\n<tr>\n<td width=\"197\">Veri sorumlusuna \u00f6nceden bildirilen bir e-posta adresi arac\u0131l\u0131\u011f\u0131yla ba\u015fvuruda bulunulabilir mi?<\/td>\n<td width=\"50\"><strong>Evet<\/strong><\/td>\n<td width=\"357\">E-posta \u00fczerinden yap\u0131lacak ba\u015fvurularda veri sorumlusuna daha \u00f6nce bildirilen ve veri sorumlusunun sisteminde kay\u0131tl\u0131 bulunan elektronik posta adresi arac\u0131l\u0131\u011f\u0131yla ba\u015fvuru yap\u0131lmas\u0131 gerekmektedir.<\/td>\n<\/tr>\n<tr>\n<td colspan=\"3\" width=\"605\"><strong>E.\u00a0\u00a0 <\/strong><strong>Veri \u0130hlal Bildirimi, Kurula \u015eik\u00e2yet ve Yapt\u0131r\u0131mlar <\/strong><\/td>\n<\/tr>\n<tr>\n<td width=\"197\"><strong>\u0130lgili ki\u015filerin ileti\u015fim bilgilerinin veri sorumlusu nezdinde mevcut oldu\u011fu durumlarda veri sorumlusunun ger\u00e7ekle\u015fen veri ihlalini yaln\u0131zca internet sayfas\u0131nda yay\u0131mlamas\u0131, ilgili ki\u015filere veri ihlalini bildirme y\u00fck\u00fcml\u00fcl\u00fc\u011f\u00fcn\u00fcn yerine getirildi\u011fi anlam\u0131na gelir mi?<br \/>\n<\/strong><\/td>\n<td width=\"50\">Hay\u0131r<\/td>\n<td width=\"357\"><strong>\u0130lgili ki\u015finin ileti\u015fim bilgilerine ula\u015f\u0131labiliyorsa, veri ihlal bildirimi ilgili ki\u015fiye do\u011frudan, ula\u015f\u0131lam\u0131yorsa da veri sorumlusu kendi internet sayfas\u0131 \u00fczerinden bu bildirimi ger\u00e7ekle\u015ftirebilir. <\/strong><\/td>\n<\/tr>\n<tr>\n<td width=\"197\">\u0130lgili ki\u015filer taraf\u0131ndan veri sorumlusuna yap\u0131lan ba\u015fvuru ile Kuruma intikal eden \u015fik\u00e2yet konusunun farkl\u0131 olmas\u0131 h\u00e2linde Kuruma iletilen \u015fik\u00e2yetin esas\u0131na ili\u015fkin de\u011ferlendirme yap\u0131lmakta m\u0131d\u0131r?<\/td>\n<td width=\"50\"><strong>Hay\u0131r<\/strong><\/td>\n<td width=\"357\">Veri sorumlusuna iletilmemi\u015f olan hususlara y\u00f6nelik olarak \u015fik\u00e2yetin esas\u0131na ili\u015fkin Kurul taraf\u0131ndan de\u011ferlendirme yap\u0131lmamaktad\u0131r.<\/p>\n<p>&nbsp;<\/td>\n<\/tr>\n<tr>\n<td width=\"197\"><strong>Kanuna ayk\u0131r\u0131 hareket eden veri sorumlular\u0131na ili\u015fkin Kurul taraf\u0131ndan uygulanan idari para cezalar\u0131n\u0131n belirlenmesinde net bir \u00f6l\u00e7\u00fct var m\u0131d\u0131r?<\/strong><\/td>\n<td width=\"50\">Hay\u0131r<\/td>\n<td width=\"357\"><strong>Her bir ihlal baz\u0131nda i\u015flenen kabahatin haks\u0131zl\u0131k i\u00e7eri\u011fi ile failin kusuru ve ekonomik durumunun birlikte g\u00f6z \u00f6n\u00fcnde bulundurulaca\u011f\u0131, hukuka ayk\u0131r\u0131l\u0131\u011f\u0131n ger\u00e7ekle\u015fme bi\u00e7imi, bu ayk\u0131r\u0131l\u0131ktan geni\u015f<\/strong><strong>\u0327<\/strong><strong> bir kitlenin etkilenip etkilenmedi\u011fi, etkilenen ki\u015fisel verilerin niteli\u011fi gibi ilave kriterler de g\u00f6z \u00f6n\u00fcnde bulundurulmaktad\u0131r. <\/strong><\/td>\n<\/tr>\n<tr>\n<td width=\"197\">Veri sorumlusunun Avrupa Birli\u011fi Genel Veri Koruma T\u00fcz\u00fc\u011f\u00fc\u2019ne uyum sa\u011flamas\u0131, Kanunda \u00f6ng\u00f6r\u00fclen y\u00fck\u00fcml\u00fcl\u00fcklerinin kar\u015f\u0131lanmas\u0131 bak\u0131m\u0131ndan yeterli midir?<\/td>\n<td width=\"50\"><strong>Hay\u0131r<\/strong><\/td>\n<td width=\"357\">Her hal\u00fck\u00e2rda veri sorumlusunun ulusal mevzuat h\u00fck\u00fcmlerine uyumlulu\u011fun sa\u011flanmas\u0131 ad\u0131na Kanun\u2019da \u00f6ng\u00f6r\u00fclen y\u00fck\u00fcml\u00fcl\u00fcklerini yerine getirmesi zorunludur.<\/td>\n<\/tr>\n<tr>\n<td width=\"197\"><\/td>\n<td width=\"50\"><\/td>\n<td width=\"357\"><\/td>\n<\/tr>\n<\/tbody>\n<\/table>\n<p>&nbsp;<\/p>\n<p><strong>Sonu\u00e7<\/strong><\/p>\n<p>Sonu\u00e7 olarak g\u00f6r\u00fcld\u00fc\u011f\u00fc \u00fczere Kanun\u2019un uygulamas\u0131, Ki\u015fisel Verileri Koruma Kurulu\u2019nun (\u201cKurul\u201d) kararlar\u0131 ile in\u015fa edilmeye, veri sorumlular\u0131 taraf\u0131ndan mevzuat\u0131n pratik d\u00fczlemde ortaya \u00e7\u0131kan sorunlar\u0131, Kurum\u2019un yay\u0131mlar\u0131 ile giderilmeye \u00e7al\u0131\u015f\u0131lmaktad\u0131r. Kritik birka\u00e7 husus du\u015funda bahsi ge\u00e7en rehberde yer alan sorular\u0131n cevab\u0131, Kurum\u2019un sitesinde halihaz\u0131rda yer alan Kurul kararlar\u0131nda yer alan ilkelerden olu\u015fmakta bu nedenle i\u015fbu Kurul kararlar\u0131n\u0131n takibi, uygulaman\u0131n \u015fekillendirilmesi a\u00e7\u0131s\u0131ndan b\u00fcy\u00fck \u00f6nem ta\u015f\u0131maktad\u0131r.<\/p>\n<p>&nbsp;<\/p>\n<p>&nbsp;<\/p>\n<p>\u0130lgili Rehberin Tam Metni \u0130\u00e7in:<\/p>\n<p><a href=\"https:\/\/kvkk.gov.tr\/SharedFolderServer\/CMSFiles\/ca752cda-c3df-4645-8d5e-e2a507e63200.pdf\" target=\"_blank\" rel=\"noopener\">https:\/\/kvkk.gov.tr\/SharedFolderServer\/CMSFiles\/ca752cda-c3df-4645-8d5e-e2a507e63200.pdf<\/a><\/p>\n<p>&nbsp;<\/p>\n<p><strong><em>Bilgi ve de\u011ferlendirmenize sunulur. <\/em><\/strong><\/p>","protected":false},"excerpt":{"rendered":"<p>6698 say\u0131l\u0131 Ki\u015fisel Verilerin Korunmas\u0131 Kanunu Hakk\u0131nda Do\u011fru Bilinen Yanl\u0131\u015flar -2 Rehberi Hakk\u0131nda Ki\u015fisel Verileri Koruma Kurumu, 3 Ocak 2022 tarihinde internet sitesinde \u201c6698 say\u0131l\u0131 Ki\u015fisel Verilerin Korunmas\u0131 Kanunu Hakk\u0131nda Do\u011fru Bilinen Yanl\u0131\u015flar -2\u201d isimli rehberi yay\u0131mlam\u0131\u015f ve i\u015fbu rehberde 6698 say\u0131l\u0131 Ki\u015fisel Verilerin Korunmas\u0131 Kanunu\u2019nun (\u201cKanun\u201d) uygulamas\u0131n\u0131 olu\u015fturan; a\u00e7\u0131k r\u0131za, ayd\u0131nlatma y\u00fck\u00fcml\u00fcl\u00fc\u011f\u00fc, sicile kay\u0131t [&hellip;]<\/p>","protected":false},"author":1,"featured_media":7997,"comment_status":"closed","ping_status":"open","sticky":false,"template":"","format":"standard","meta":{"footnotes":""},"categories":[41],"tags":[43,52,39],"class_list":["post-9067","post","type-post","status-publish","format-standard","has-post-thumbnail","hentry","category-bilisim-hukuku-tr","tag-dataprotection","tag-kisiselveri","tag-kvkk"],"_links":{"self":[{"href":"https:\/\/www.eyuboglubuyukatak.av.tr\/en\/wp-json\/wp\/v2\/posts\/9067","targetHints":{"allow":["GET"]}}],"collection":[{"href":"https:\/\/www.eyuboglubuyukatak.av.tr\/en\/wp-json\/wp\/v2\/posts"}],"about":[{"href":"https:\/\/www.eyuboglubuyukatak.av.tr\/en\/wp-json\/wp\/v2\/types\/post"}],"author":[{"embeddable":true,"href":"https:\/\/www.eyuboglubuyukatak.av.tr\/en\/wp-json\/wp\/v2\/users\/1"}],"replies":[{"embeddable":true,"href":"https:\/\/www.eyuboglubuyukatak.av.tr\/en\/wp-json\/wp\/v2\/comments?post=9067"}],"version-history":[{"count":0,"href":"https:\/\/www.eyuboglubuyukatak.av.tr\/en\/wp-json\/wp\/v2\/posts\/9067\/revisions"}],"wp:featuredmedia":[{"embeddable":true,"href":"https:\/\/www.eyuboglubuyukatak.av.tr\/en\/wp-json\/wp\/v2\/media\/7997"}],"wp:attachment":[{"href":"https:\/\/www.eyuboglubuyukatak.av.tr\/en\/wp-json\/wp\/v2\/media?parent=9067"}],"wp:term":[{"taxonomy":"category","embeddable":true,"href":"https:\/\/www.eyuboglubuyukatak.av.tr\/en\/wp-json\/wp\/v2\/categories?post=9067"},{"taxonomy":"post_tag","embeddable":true,"href":"https:\/\/www.eyuboglubuyukatak.av.tr\/en\/wp-json\/wp\/v2\/tags?post=9067"}],"curies":[{"name":"wp","href":"https:\/\/api.w.org\/{rel}","templated":true}]}}