{"id":9030,"date":"2021-09-12T12:15:12","date_gmt":"2021-09-12T12:15:12","guid":{"rendered":"https:\/\/www.eyuboglubuyukatak.av.tr\/?p=9030"},"modified":"2023-12-12T16:56:37","modified_gmt":"2023-12-12T13:56:37","slug":"whatsapp-uygulamasi-hakkinda-kisisel-verileri-koruma-kurulunun-karari","status":"publish","type":"post","link":"https:\/\/www.eyuboglubuyukatak.av.tr\/en\/whatsapp-uygulamasi-hakkinda-kisisel-verileri-koruma-kurulunun-karari\/","title":{"rendered":"WhatsApp Uygulamas\u0131 Hakk\u0131nda Ki\u015fisel Verileri Koruma Kurulu\u2019nun Karar\u0131"},"content":{"rendered":"<p>WhatsApp Uygulamas\u0131 Hakk\u0131nda Ki\u015fisel Verileri Koruma Kurulu\u2019nun Karar\u0131<\/p>\n<table style=\"height: 1424px;\" width=\"859\">\n<tbody>\n<tr>\n<td width=\"302\">Ki\u015fisel Verileri Koruma Kurulu taraf\u0131ndan WhatsApp (veri sorumlusu) hakk\u0131nda, kullan\u0131c\u0131lar\u0131n\u0131n ki\u015fisel verilerinin i\u015flenmesine ve yurtd\u0131\u015f\u0131nda bulunan \u00fc\u00e7\u00fcnc\u00fc taraflara aktar\u0131lmas\u0131na a\u00e7\u0131k r\u0131za verilmesini i\u00e7erecek \u015fekilde kullan\u0131c\u0131 ile yap\u0131lan bir s\u00f6zle\u015fme olarak kabul edilen Hizmet Ko\u015fullar\u0131\u2019n\u0131n ve Gizlilik \u0130lkesi\u2019nin g\u00fcncellendi\u011fine y\u00f6nelik yap\u0131lan tespit ile resen inceleme yap\u0131lm\u0131\u015ft\u0131r.<\/td>\n<\/tr>\n<tr>\n<td width=\"302\"><strong>Ki\u015fisel Verilerin \u0130\u015flenmesine Y\u00f6nelik<\/strong><\/td>\n<\/tr>\n<tr>\n<td width=\"302\"><strong>\u2022 <\/strong>Kullan\u0131c\u0131lardan ki\u015fisel verilerinin i\u015flenmesine ve yurtd\u0131\u015f\u0131nda yerle\u015fik \u00fc\u00e7\u00fcnc\u00fc taraflara aktar\u0131lmas\u0131na y\u00f6nelik se\u00e7imlik hak sunulmaks\u0131z\u0131n tek bir a\u00e7\u0131k r\u0131za al\u0131nd\u0131\u011f\u0131 bununla birlikte Hizmet Ko\u015fullar\u0131\u2019n\u0131n onaylanmas\u0131 \u015feklinde g\u00f6r\u00fcnen i\u015flemin aslen s\u00f6zle\u015fmeye der\u00e7 edilmi\u015f a\u00e7\u0131k r\u0131zan\u0131n al\u0131nmas\u0131n\u0131n \u201c\u00f6zg\u00fcr iradeyle a\u00e7\u0131klanmas\u0131\u201d unsurunu zedelemektedir.<\/td>\n<\/tr>\n<tr>\n<td width=\"302\"><strong>\u2022 <\/strong>Elde edilen verilerin i\u015flenmelerinin g\u00f6sterilen ama\u00e7la orant\u0131l\u0131 ve s\u0131n\u0131rl\u0131 olmad\u0131\u011f\u0131 sebebiyle \u201cbelirli, a\u00e7\u0131k ve me\u015fru ama\u00e7lar i\u00e7in i\u015fleme\u201d ve \u201ci\u015flendikleri ama\u00e7la ba\u011flant\u0131l\u0131, s\u0131n\u0131rl\u0131 ve \u00f6l\u00e7\u00fcl\u00fc olma\u201d ilkelerine ayk\u0131r\u0131d\u0131r.<\/td>\n<\/tr>\n<tr>\n<td width=\"302\"><strong>\u2022 <\/strong>Profilleme amac\u0131yla \u00e7erezler arac\u0131l\u0131\u011f\u0131yla a\u00e7\u0131k r\u0131za al\u0131nmadan yap\u0131lan ki\u015fisel veri i\u015fleme faaliyeti hukuka ayk\u0131r\u0131d\u0131r.<\/td>\n<\/tr>\n<tr>\n<td width=\"302\"><strong>Ki\u015fisel Verilerin Yurtd\u0131\u015f\u0131na Aktar\u0131m\u0131na Y\u00f6nelik<\/strong><\/td>\n<\/tr>\n<tr>\n<td width=\"302\"><strong>\u2022 <\/strong>Uygulaman\u0131n \u2018aktar\u0131m\u2019 \u015fart\u0131na ba\u011fland\u0131\u011f\u0131 dolay\u0131s\u0131yla kullan\u0131c\u0131lar\u0131n \u00e7\u0131kar ve makul beklentilerinin g\u00f6z ard\u0131 edilmesinin \u201chukuka ve d\u00fcr\u00fcstl\u00fck kurallar\u0131na uygun olma\u201d ilkesine ayk\u0131r\u0131d\u0131r.<\/td>\n<\/tr>\n<tr>\n<td width=\"302\"><strong>\u2022 <\/strong>Veri sorumlusu sunucular\u0131n\u0131n T\u00fcrkiye\u2019de bulunmamas\u0131 sebebiyle ki\u015fisel verilerin yurtd\u0131\u015f\u0131na aktar\u0131lmas\u0131 a\u00e7\u0131k r\u0131zaya tabidir ve Kurul\u2019ataahh\u00fctname ba\u015fvurusunda bulunulmamas\u0131 Ki\u015fisel Verilerin Korunmas\u0131 Kanunu\u2019nun 9 numaral\u0131 h\u00fckm\u00fcne ayk\u0131r\u0131d\u0131r.<\/td>\n<\/tr>\n<tr>\n<td width=\"302\">Yukar\u0131daki a\u00e7\u0131klamalardan hareketle ki\u015fisel verilerin hukuka ayk\u0131r\u0131 olarak i\u015flenmesini \u00f6nlemek amac\u0131yla uygun g\u00fcvenlik d\u00fczeyini temin etmeye y\u00f6nelik gerekli her t\u00fcrl\u00fc teknik ve idari tedbirleri almad\u0131\u011f\u0131 tespit edilen veri sorumlusu hakk\u0131nda 1.950.000 TL idari para cezas\u0131 verilmi\u015ftir<strong>.<\/strong><\/td>\n<\/tr>\n<\/tbody>\n<\/table>","protected":false},"excerpt":{"rendered":"<p>WhatsApp Uygulamas\u0131 Hakk\u0131nda Ki\u015fisel Verileri Koruma Kurulu\u2019nun Karar\u0131 Ki\u015fisel Verileri Koruma Kurulu taraf\u0131ndan WhatsApp (veri sorumlusu) hakk\u0131nda, kullan\u0131c\u0131lar\u0131n\u0131n ki\u015fisel verilerinin i\u015flenmesine ve yurtd\u0131\u015f\u0131nda bulunan \u00fc\u00e7\u00fcnc\u00fc taraflara aktar\u0131lmas\u0131na a\u00e7\u0131k r\u0131za verilmesini i\u00e7erecek \u015fekilde kullan\u0131c\u0131 ile yap\u0131lan bir s\u00f6zle\u015fme olarak kabul edilen Hizmet Ko\u015fullar\u0131\u2019n\u0131n ve Gizlilik \u0130lkesi\u2019nin g\u00fcncellendi\u011fine y\u00f6nelik yap\u0131lan tespit ile resen inceleme yap\u0131lm\u0131\u015ft\u0131r. Ki\u015fisel Verilerin [&hellip;]<\/p>","protected":false},"author":1,"featured_media":7997,"comment_status":"closed","ping_status":"open","sticky":false,"template":"","format":"standard","meta":{"footnotes":""},"categories":[41],"tags":[42,39,36],"class_list":["post-9030","post","type-post","status-publish","format-standard","has-post-thumbnail","hentry","category-bilisim-hukuku-tr","tag-gizlilik","tag-kvkk","tag-sosyalmedya"],"_links":{"self":[{"href":"https:\/\/www.eyuboglubuyukatak.av.tr\/en\/wp-json\/wp\/v2\/posts\/9030","targetHints":{"allow":["GET"]}}],"collection":[{"href":"https:\/\/www.eyuboglubuyukatak.av.tr\/en\/wp-json\/wp\/v2\/posts"}],"about":[{"href":"https:\/\/www.eyuboglubuyukatak.av.tr\/en\/wp-json\/wp\/v2\/types\/post"}],"author":[{"embeddable":true,"href":"https:\/\/www.eyuboglubuyukatak.av.tr\/en\/wp-json\/wp\/v2\/users\/1"}],"replies":[{"embeddable":true,"href":"https:\/\/www.eyuboglubuyukatak.av.tr\/en\/wp-json\/wp\/v2\/comments?post=9030"}],"version-history":[{"count":0,"href":"https:\/\/www.eyuboglubuyukatak.av.tr\/en\/wp-json\/wp\/v2\/posts\/9030\/revisions"}],"wp:featuredmedia":[{"embeddable":true,"href":"https:\/\/www.eyuboglubuyukatak.av.tr\/en\/wp-json\/wp\/v2\/media\/7997"}],"wp:attachment":[{"href":"https:\/\/www.eyuboglubuyukatak.av.tr\/en\/wp-json\/wp\/v2\/media?parent=9030"}],"wp:term":[{"taxonomy":"category","embeddable":true,"href":"https:\/\/www.eyuboglubuyukatak.av.tr\/en\/wp-json\/wp\/v2\/categories?post=9030"},{"taxonomy":"post_tag","embeddable":true,"href":"https:\/\/www.eyuboglubuyukatak.av.tr\/en\/wp-json\/wp\/v2\/tags?post=9030"}],"curies":[{"name":"wp","href":"https:\/\/api.w.org\/{rel}","templated":true}]}}