{"id":8493,"date":"2021-03-16T22:01:04","date_gmt":"2021-03-16T22:01:04","guid":{"rendered":"http:\/\/www.eyuboglubuyukatak.av.tr\/?p=8493"},"modified":"2023-12-12T16:56:37","modified_gmt":"2023-12-12T13:56:37","slug":"kisisel-verileri-koruma-kurulunun-16-12-2020-tarihli-alenilestirme-hakkinda-kamuoyu-duyurusu","status":"publish","type":"post","link":"https:\/\/www.eyuboglubuyukatak.av.tr\/en\/kisisel-verileri-koruma-kurulunun-16-12-2020-tarihli-alenilestirme-hakkinda-kamuoyu-duyurusu\/","title":{"rendered":"Ki\u015fisel Verileri Koruma Kurulu\u2019nun 16.12.2020 Tarihli Alenile\u015ftirme Hakk\u0131nda Kamuoyu Duyurusu"},"content":{"rendered":"<p>Alenile\u015ftirme, Ki\u015fisel Verilerin Korunmas\u0131 Kanunu\u2019nda (\u201cKanun\u201d) ki\u015fisel verilerin i\u015flenmesinin a\u00e7\u0131k r\u0131zaya ba\u011fl\u0131 olmad\u0131\u011f\u0131 hallerden biri olarak 5. maddenin 2. f\u0131kras\u0131n\u0131n (d) bendinde say\u0131lm\u0131\u015ft\u0131r. H\u00fckme g\u00f6re ilgili ki\u015fi taraf\u0131ndan alenile\u015ftirilen ki\u015fisel veriler, veri sorumlusu taraf\u0131ndan ilgili ki\u015finin a\u00e7\u0131k r\u0131zas\u0131 olmas\u0131na ba\u011fl\u0131 olmadan i\u015flenebilecektir.<\/p>\n<p>Kurul 16.12.2020 tarihli kamuoyu duyurusunda alenile\u015ftirme kavram\u0131n\u0131n \u015fartlar\u0131 \u00fczerinde durmu\u015f, alenile\u015ftirilmenin bulunup bulunmad\u0131\u011f\u0131n\u0131n tespiti hususunda a\u00e7\u0131klamalara yer vermi\u015ftir. Bu a\u00e7\u0131klamaya g\u00f6re alenile\u015ftirmeden bahsedebilmek i\u00e7in;<\/p>\n<p>&#8211; \u0130lgili ki\u015finin bu y\u00f6nde bir iradesinin bulunmas\u0131,<br \/>\n&#8211; Alenile\u015ftirmenin amac\u0131n\u0131n tespit edilebilir olmas\u0131 gerekmektedir.<\/p>\n<p>\u0130lgili ki\u015finin alenile\u015ftirme y\u00f6n\u00fcnde bir iradesinin bulunmas\u0131na \u00f6rnek olarak verileri herkesin kullan\u0131m\u0131na a\u00e7\u0131k bir yerde bulundurma ya da verilerin eri\u015fimini herkese a\u00e7ma g\u00f6sterilebilir. Ancak bu eylemler tek ba\u015f\u0131na iradenin bulundu\u011fu anlam\u0131na gelmemektedir. Bunun yan\u0131nda ki\u015finin eylemleriyle bu iradesinin varl\u0131\u011f\u0131 desteklenmelidir aksi halde s\u00f6z konusu verinin i\u015flenmesi hukuka ayk\u0131r\u0131 say\u0131lacakt\u0131r. Alenile\u015ftirme iradesinin bulunmas\u0131n\u0131n yan\u0131 s\u0131ra alenile\u015ftirme amac\u0131 ile verilerin i\u015flenmesinin paralel olmas\u0131 gerekmektedir. Ba\u015fka bir deyi\u015fle ifade etmek gerekirse ilgili ki\u015finin verilerinin alenile\u015ftirmesi, ki\u015fisel verilerin veri sorumlusu taraf\u0131ndan amaca ayk\u0131r\u0131 ya da farkl\u0131 bir ama\u00e7la i\u015flenmesini me\u015frula\u015ft\u0131rmaz. \u00d6rne\u011fin ilgili ki\u015finin verilerini ileti\u015fim amac\u0131yla alenile\u015ftirmesi sonucunda veri i\u015fleyen taraf\u0131ndan reklam ama\u00e7l\u0131 kullan\u0131lmas\u0131 alenile\u015ftirme i\u00e7in uygun olmayacak ve hukuka ayk\u0131r\u0131 say\u0131lacakt\u0131r.<\/p>\n<p>\u00d6zetle ki\u015fisel verilerin i\u015flenmesinin a\u00e7\u0131k r\u0131zaya ba\u011fl\u0131 olmad\u0131\u011f\u0131 istisnai hallerden biri olan alenile\u015ftirmenin varl\u0131\u011f\u0131n\u0131n tespiti i\u00e7in ilgili ki\u015finin alenile\u015ftirme y\u00f6n\u00fcnde bir iradesinin bulunmas\u0131 ve alenile\u015ftirme amac\u0131n\u0131n tespit edilebilmesi gerekmektedir. Bu iki unsurdan en az birini bar\u0131nd\u0131rmayan hallerde alenile\u015ftirmenin varl\u0131\u011f\u0131ndan bahsedilemeyecek ve veri i\u015fleme s\u00fcreci Kanun\u2019a ve hukuka ayk\u0131r\u0131 olacakt\u0131r.<\/p>","protected":false},"excerpt":{"rendered":"<p>Alenile\u015ftirme, Ki\u015fisel Verilerin Korunmas\u0131 Kanunu\u2019nda (\u201cKanun\u201d) ki\u015fisel verilerin i\u015flenmesinin a\u00e7\u0131k r\u0131zaya ba\u011fl\u0131 olmad\u0131\u011f\u0131 hallerden biri olarak 5. maddenin 2. f\u0131kras\u0131n\u0131n (d) bendinde say\u0131lm\u0131\u015ft\u0131r. H\u00fckme g\u00f6re ilgili ki\u015fi taraf\u0131ndan alenile\u015ftirilen ki\u015fisel veriler, veri sorumlusu taraf\u0131ndan ilgili ki\u015finin a\u00e7\u0131k r\u0131zas\u0131 olmas\u0131na ba\u011fl\u0131 olmadan i\u015flenebilecektir. Kurul 16.12.2020 tarihli kamuoyu duyurusunda alenile\u015ftirme kavram\u0131n\u0131n \u015fartlar\u0131 \u00fczerinde durmu\u015f, alenile\u015ftirilmenin bulunup bulunmad\u0131\u011f\u0131n\u0131n [&hellip;]<\/p>","protected":false},"author":1,"featured_media":7997,"comment_status":"closed","ping_status":"open","sticky":false,"template":"","format":"standard","meta":{"footnotes":""},"categories":[9],"tags":[],"class_list":["post-8493","post","type-post","status-publish","format-standard","has-post-thumbnail","hentry","category-genel-hukuk"],"_links":{"self":[{"href":"https:\/\/www.eyuboglubuyukatak.av.tr\/en\/wp-json\/wp\/v2\/posts\/8493","targetHints":{"allow":["GET"]}}],"collection":[{"href":"https:\/\/www.eyuboglubuyukatak.av.tr\/en\/wp-json\/wp\/v2\/posts"}],"about":[{"href":"https:\/\/www.eyuboglubuyukatak.av.tr\/en\/wp-json\/wp\/v2\/types\/post"}],"author":[{"embeddable":true,"href":"https:\/\/www.eyuboglubuyukatak.av.tr\/en\/wp-json\/wp\/v2\/users\/1"}],"replies":[{"embeddable":true,"href":"https:\/\/www.eyuboglubuyukatak.av.tr\/en\/wp-json\/wp\/v2\/comments?post=8493"}],"version-history":[{"count":0,"href":"https:\/\/www.eyuboglubuyukatak.av.tr\/en\/wp-json\/wp\/v2\/posts\/8493\/revisions"}],"wp:featuredmedia":[{"embeddable":true,"href":"https:\/\/www.eyuboglubuyukatak.av.tr\/en\/wp-json\/wp\/v2\/media\/7997"}],"wp:attachment":[{"href":"https:\/\/www.eyuboglubuyukatak.av.tr\/en\/wp-json\/wp\/v2\/media?parent=8493"}],"wp:term":[{"taxonomy":"category","embeddable":true,"href":"https:\/\/www.eyuboglubuyukatak.av.tr\/en\/wp-json\/wp\/v2\/categories?post=8493"},{"taxonomy":"post_tag","embeddable":true,"href":"https:\/\/www.eyuboglubuyukatak.av.tr\/en\/wp-json\/wp\/v2\/tags?post=8493"}],"curies":[{"name":"wp","href":"https:\/\/api.w.org\/{rel}","templated":true}]}}