{"id":8475,"date":"2021-03-16T21:29:37","date_gmt":"2021-03-16T21:29:37","guid":{"rendered":"http:\/\/www.eyuboglubuyukatak.av.tr\/?p=8475"},"modified":"2023-12-12T16:56:37","modified_gmt":"2023-12-12T13:56:37","slug":"kisisel-verileri-koruma-kurumu-tarafindan-18-08-2020-tarihinde-yayinlanan-veri-ihlal-bildirimleri","status":"publish","type":"post","link":"https:\/\/www.eyuboglubuyukatak.av.tr\/en\/kisisel-verileri-koruma-kurumu-tarafindan-18-08-2020-tarihinde-yayinlanan-veri-ihlal-bildirimleri\/","title":{"rendered":"Ki\u015fisel Verileri Koruma Kurumu Taraf\u0131ndan 18.08.2020 Tarihinde Yay\u0131nlanan Veri \u0130hlal Bildirimleri"},"content":{"rendered":"<p><strong>Rezzan G\u00fcnday (\u015eim\u015fek Eczanesi) Veri \u0130hlali Bildirimi Kamuoyu Duyurusu<\/strong><\/p>\n<p>Ki\u015fisel Verilerin Korunmas\u0131 Kanunu\u2019nun (\u201cKanun\u201d) \u201cVeri g\u00fcvenli\u011fine ili\u015fkin y\u00fck\u00fcml\u00fcl\u00fckler\u201d ba\u015fl\u0131kl\u0131 h\u00fckm\u00fcnde \u00f6ng\u00f6r\u00fclen veri ihlal bildirim s\u00fcreci kapsam\u0131nda veri sorumlusu konumundaki Rezzan G\u00fcnday (\u015eim\u015fek Eczanesi) taraf\u0131ndan Kurum\u2019a veri ihlal bildiriminde bulunulmu\u015ftur. \u0130lgili bildirimde \u00f6zetle;<\/p>\n<p>&#8211; \u0130hlalin; veri sorumlusunun eski \u00e7al\u0131\u015fan\u0131 taraf\u0131ndan hastalara ait T.C. kimlik numaralar\u0131n\u0131n elde edilerek, hastalar\u0131n bilgisi olmaks\u0131z\u0131n bir ba\u015fka eczaneye aktar\u0131lmas\u0131 ile pandemi d\u00f6neminde ise elde edilmi\u015f olan T.C. kimlik numaralar\u0131n\u0131n bir uygulama \u00fczerinden kullan\u0131larak ila\u00e7 tedarik edilmesiyle ger\u00e7ekle\u015fti\u011fi,<br \/>\n&#8211; \u0130hlalin en az 2019 y\u0131l\u0131n\u0131n Ekim ay\u0131ndan bu yana ger\u00e7ekle\u015fti\u011fi ve 11.08.2020 tarihinde tespit edildi\u011fi,<br \/>\n&#8211; \u0130hlalden etkilenen ki\u015fisel verilerin; T.C. kimlik numaras\u0131, telefon numaras\u0131, hastan\u0131n stat\u00fcs\u00fc (emekli, \u00e7al\u0131\u015fan), kurum ad\u0131 oldu\u011fu,<br \/>\n&#8211; \u0130hlalden etkilenen \u00f6zel nitelikli ki\u015fisel verilerin; sa\u011fl\u0131k bilgileri (hastal\u0131k bilgileri, hastal\u0131k raporlar\u0131, hastalar\u0131n kulland\u0131\u011f\u0131 ila\u00e7lar) oldu\u011fu,<br \/>\n&#8211; \u0130hlalden etkilenen ki\u015filerin hastalar oldu\u011fu,<br \/>\n&#8211; \u0130hlalden etkilenen ki\u015fi say\u0131s\u0131n\u0131n bilinmedi\u011fi,<br \/>\n&#8211; \u0130hlale konu olay hakk\u0131nda Cumhuriyet Ba\u015fsavc\u0131l\u0131\u011f\u0131na su\u00e7 duyurusunda bulunuldu\u011fu ifade edilmi\u015ftir.<\/p>\n<p><strong>Dap Rotana Dalga ve Vazo Rezidans Toplu Yap\u0131 Y\u00f6neticili\u011fi Veri \u0130hlali Bildirimi Kamuoyu Duyurusu<\/strong><\/p>\n<p>Ki\u015fisel Verilerin Korunmas\u0131 Kanunu\u2019nun (\u201cKanun\u201d) \u201cVeri g\u00fcvenli\u011fine ili\u015fkin y\u00fck\u00fcml\u00fcl\u00fckler\u201d ba\u015fl\u0131kl\u0131 h\u00fckm\u00fcnde \u00f6ng\u00f6r\u00fclen veri ihlal bildirim s\u00fcreci kapsam\u0131nda veri sorumlusu konumundaki Dap Rotana Dalga ve Vazo Rezidans Toplu Yap\u0131 Y\u00f6neticili\u011fi taraf\u0131ndan Kurum\u2019a veri ihlal bildiriminde bulunulmu\u015ftur. \u0130lgili bildirimde \u00f6zetle;<\/p>\n<p>&#8211; \u0130hlalin; kat maliklerine ait ki\u015fisel verilerin bir \u00e7al\u0131\u015fan taraf\u0131ndan \u00fc\u00e7\u00fcnc\u00fc ki\u015filer ile payla\u015f\u0131lmas\u0131 neticesinde ger\u00e7ekle\u015fti\u011fi,<br \/>\n&#8211; \u0130hlalin 05.03.2020 tarihinde saat 9:00 ile 17:00 aras\u0131nda ger\u00e7ekle\u015fti\u011fi ve 13.08.2020 tarihinde tespit edildi\u011fi,<br \/>\n&#8211; \u0130hlalden etkilenen ki\u015fisel verilerin; kimlik, ileti\u015fim, lokasyon ve hukuki i\u015flem veri kategorileri (ad, soyad\u0131, T.C. Kimlik numaras\u0131, adres, cep telefonu ve varsa ara\u00e7 plaka bilgileri) oldu\u011fu,<br \/>\n&#8211; \u0130hlalden etkilenen ki\u015filerin kat malikleri ve sakinlerinden olu\u015ftu\u011fu,<br \/>\n&#8211; \u0130hlalden etkilenen ki\u015fi say\u0131s\u0131n\u0131n 2328, kay\u0131t say\u0131s\u0131n\u0131n 11640 oldu\u011fu ifade edilmi\u015ftir.<\/p>\n<p><strong>Kariyer.net Elektronik Yay\u0131nc\u0131l\u0131k ve \u0130leti\u015fim Hiz. A.\u015e. Veri \u0130hlali Bildirimi Kamuoyu Duyurusu<\/strong><\/p>\n<p>Ki\u015fisel Verilerin Korunmas\u0131 Kanunu\u2019nun (\u201cKanun\u201d) \u201cVeri g\u00fcvenli\u011fine ili\u015fkin y\u00fck\u00fcml\u00fcl\u00fckler\u201d ba\u015fl\u0131kl\u0131 h\u00fckm\u00fcnde \u00f6ng\u00f6r\u00fclen veri ihlal bildirim s\u00fcreci kapsam\u0131nda veri sorumlusu konumundaki Kariyer.net Elektronik Yay\u0131nc\u0131l\u0131k ve \u0130leti\u015fim Hiz. A.\u015e. taraf\u0131ndan Kurum\u2019a veri ihlal bildiriminde bulunulmu\u015ftur. \u0130lgili bildirimde \u00f6zetle;<\/p>\n<p>&#8211; \u0130hlalin Kariyer.Net\u2019e tedarik\u00e7i olarak hizmet veren bir dan\u0131\u015fman taraf\u0131ndan 12 A\u011fustos 2020 tarihinde Kariyer.net\u2019in bir \u00e7al\u0131\u015fan\u0131na, ad\u0131 ge\u00e7en sitede \u00fcyeli\u011fi bulunan 50.000 ki\u015fiye ait oldu\u011fu iddia edilen bir dosyan\u0131n ayn\u0131 g\u00fcn internette bir siteye y\u00fcklendi\u011fi bilgisinin aktar\u0131lmas\u0131yla tespit edildi\u011fi,<br \/>\n&#8211; \u0130hlalin 10.08.2020 tarihinde ger\u00e7ekle\u015fti\u011fi, Kariyer.net taraf\u0131ndan 12.08.2020 tarihinde tespit edildi\u011fi,<br \/>\n&#8211; \u0130hlalden etkilenen verilerin, \u201ce-mail adresi\u201d, \u201ckullan\u0131c\u0131 \u015fifresi\u201d, \u201cisim soyad\u201d, \u201cdo\u011fum tarihi\u201d, \u201ctelefon numaras\u0131\u201d, \u201cprofil fotograf\u0131\u201d URL link bilgisi, \u201cya\u015fad\u0131\u011f\u0131 il\u201d, \u201cya\u015fad\u0131\u011f\u0131 il\u00e7e\u201d bilgileri oldu\u011fu,<br \/>\n&#8211; \u0130hlalden etkilenen ki\u015fi say\u0131s\u0131n\u0131n 40.955, kay\u0131t say\u0131s\u0131n\u0131n 53.149 oldu\u011fu,<br \/>\n&#8211; \u0130lgili ki\u015filerin veri ihlaliyle ilgili olarak adaydestek@kariyer.net adresinden ve 0 216 468 76 00 numaras\u0131ndan bilgi alabilecekleri ifade edilmi\u015ftir.<\/p>\n<p><strong>Barilla G\u0131da A.\u015e. Veri \u0130hlali Bildirimi Kamuoyu Duyurusu<\/strong><\/p>\n<p>Ki\u015fisel Verilerin Korunmas\u0131 Kanunu\u2019nun (\u201cKanun\u201d) \u201cVeri g\u00fcvenli\u011fine ili\u015fkin y\u00fck\u00fcml\u00fcl\u00fckler\u201d ba\u015fl\u0131kl\u0131 h\u00fckm\u00fcnde \u00f6ng\u00f6r\u00fclen veri ihlal bildirim s\u00fcreci kapsam\u0131nda veri sorumlusu konumundaki Barilla G\u0131da A.\u015e. taraf\u0131ndan Kurum\u2019a veri ihlal bildiriminde bulunulmu\u015ftur. \u0130lgili bildirimde \u00f6zetle;<\/p>\n<p>&#8211; \u0130hlalin; 12.08.2020 tarihinde ger\u00e7ekle\u015ftirilen siber sald\u0131r\u0131 ile sunucularda fidye yaz\u0131l\u0131m\u0131 \u00e7al\u0131\u015ft\u0131r\u0131larak dosyalar\u0131n ve disklerin eri\u015filemez olmas\u0131n\u0131n sa\u011fland\u0131\u011f\u0131,<br \/>\n&#8211; Fidyecilerin bildirimi ve IBM\u2019in yapt\u0131\u011f\u0131 incelemeye g\u00f6re 4 GB kadar bir verinin d\u0131\u015far\u0131ya \u00e7\u0131kart\u0131ld\u0131\u011f\u0131,<br \/>\n&#8211; Verinin i\u00e7eri\u011finin hen\u00fcz saptanamad\u0131\u011f\u0131, incelemelerin devam etti\u011fi,<br \/>\n&#8211; \u0130hlalden etkilenen ilgili ki\u015fi gruplar\u0131n\u0131n, ki\u015fi say\u0131s\u0131n\u0131n ve ihlalden etkilenen ki\u015fisel verilerin hen\u00fcz tespit edilemedi\u011fi ifade edilmi\u015ftir.<\/p>","protected":false},"excerpt":{"rendered":"<p>Rezzan G\u00fcnday (\u015eim\u015fek Eczanesi) Veri \u0130hlali Bildirimi Kamuoyu Duyurusu Ki\u015fisel Verilerin Korunmas\u0131 Kanunu\u2019nun (\u201cKanun\u201d) \u201cVeri g\u00fcvenli\u011fine ili\u015fkin y\u00fck\u00fcml\u00fcl\u00fckler\u201d ba\u015fl\u0131kl\u0131 h\u00fckm\u00fcnde \u00f6ng\u00f6r\u00fclen veri ihlal bildirim s\u00fcreci kapsam\u0131nda veri sorumlusu konumundaki Rezzan G\u00fcnday (\u015eim\u015fek Eczanesi) taraf\u0131ndan Kurum\u2019a veri ihlal bildiriminde bulunulmu\u015ftur. \u0130lgili bildirimde \u00f6zetle; &#8211; \u0130hlalin; veri sorumlusunun eski \u00e7al\u0131\u015fan\u0131 taraf\u0131ndan hastalara ait T.C. kimlik numaralar\u0131n\u0131n elde [&hellip;]<\/p>","protected":false},"author":1,"featured_media":7997,"comment_status":"closed","ping_status":"open","sticky":false,"template":"","format":"standard","meta":{"footnotes":""},"categories":[9],"tags":[],"class_list":["post-8475","post","type-post","status-publish","format-standard","has-post-thumbnail","hentry","category-genel-hukuk"],"_links":{"self":[{"href":"https:\/\/www.eyuboglubuyukatak.av.tr\/en\/wp-json\/wp\/v2\/posts\/8475","targetHints":{"allow":["GET"]}}],"collection":[{"href":"https:\/\/www.eyuboglubuyukatak.av.tr\/en\/wp-json\/wp\/v2\/posts"}],"about":[{"href":"https:\/\/www.eyuboglubuyukatak.av.tr\/en\/wp-json\/wp\/v2\/types\/post"}],"author":[{"embeddable":true,"href":"https:\/\/www.eyuboglubuyukatak.av.tr\/en\/wp-json\/wp\/v2\/users\/1"}],"replies":[{"embeddable":true,"href":"https:\/\/www.eyuboglubuyukatak.av.tr\/en\/wp-json\/wp\/v2\/comments?post=8475"}],"version-history":[{"count":0,"href":"https:\/\/www.eyuboglubuyukatak.av.tr\/en\/wp-json\/wp\/v2\/posts\/8475\/revisions"}],"wp:featuredmedia":[{"embeddable":true,"href":"https:\/\/www.eyuboglubuyukatak.av.tr\/en\/wp-json\/wp\/v2\/media\/7997"}],"wp:attachment":[{"href":"https:\/\/www.eyuboglubuyukatak.av.tr\/en\/wp-json\/wp\/v2\/media?parent=8475"}],"wp:term":[{"taxonomy":"category","embeddable":true,"href":"https:\/\/www.eyuboglubuyukatak.av.tr\/en\/wp-json\/wp\/v2\/categories?post=8475"},{"taxonomy":"post_tag","embeddable":true,"href":"https:\/\/www.eyuboglubuyukatak.av.tr\/en\/wp-json\/wp\/v2\/tags?post=8475"}],"curies":[{"name":"wp","href":"https:\/\/api.w.org\/{rel}","templated":true}]}}