{"id":8466,"date":"2021-03-16T21:17:01","date_gmt":"2021-03-16T21:17:01","guid":{"rendered":"http:\/\/www.eyuboglubuyukatak.av.tr\/?p=8466"},"modified":"2023-12-12T16:56:37","modified_gmt":"2023-12-12T13:56:37","slug":"08-08-2020-tarihli-resmi-gazetede-yayimlanan-veri-paylasim-kurulu-yonetmeligi","status":"publish","type":"post","link":"https:\/\/www.eyuboglubuyukatak.av.tr\/en\/08-08-2020-tarihli-resmi-gazetede-yayimlanan-veri-paylasim-kurulu-yonetmeligi\/","title":{"rendered":"08.08.2020 Tarihli Resmi Gazete\u2019de Yay\u0131mlanan Veri Payla\u015f\u0131m Kurulu Y\u00f6netmeli\u011fi"},"content":{"rendered":"<p>Veri Payla\u015f\u0131m Kurulu Y\u00f6netmeli\u011fi, N\u00fcfus ve Vatanda\u015fl\u0131k \u0130\u015fleri Genel M\u00fcd\u00fcrl\u00fc\u011f\u00fc birimlerinin, kurumlar\u0131n ve kamu hizmeti sunan t\u00fczel ki\u015filerin bu Genel M\u00fcd\u00fcrl\u00fck veri taban\u0131ndaki ki\u015fisel verilerden ne \u015fekilde ve hangi kapsamda yararlanmalar\u0131n\u0131 d\u00fczenlemek amac\u0131yla yay\u0131nlanm\u0131\u015ft\u0131r.<\/p>\n<p>Y\u00f6netmelik kapsam\u0131nda hangi kurumlarla hangi verilerin payla\u015f\u0131laca\u011f\u0131 ve ne \u015fekilde payla\u015f\u0131laca\u011f\u0131 hususlar\u0131n\u0131n veri payla\u015f\u0131m kurulu taraf\u0131ndan belirlenece\u011fi belirtilmi\u015ftir. Kurul \u00fcyeleri \u0130\u00e7i\u015fleri Bakanl\u0131\u011f\u0131 taraf\u0131ndan se\u00e7ilecektir. Veri payla\u015f\u0131m y\u00f6nteminin de kurul taraf\u0131ndan belirlenece\u011fi belirtilmi\u015f olup Kimlik Payla\u015f\u0131m Sistemi (\u201cKPS\u201d) \u00fczerinden payla\u015f\u0131laca\u011f\u0131 ifade edilmi\u015ftir.<\/p>\n<p>Veri payla\u015f\u0131m\u0131 i\u00e7in kurumlar taraf\u0131ndan yap\u0131lacak olan ba\u015fvurularda ilgili payla\u015f\u0131m\u0131 talep etmeye yetkili olunmas\u0131 ile bu payla\u015f\u0131m\u0131n kamusal ve toplumsal yarar bak\u0131m\u0131ndan gerekli olmas\u0131 gibi kriterler aranacakt\u0131r.<\/p>\n<p>Y\u00f6netmelik ile KPS \u00fczerinden yap\u0131lan \u00e7evrimi\u00e7i veri payla\u015f\u0131mlar\u0131na ek olarak harici depolama ara\u00e7lar\u0131 ve di\u011fer y\u00f6ntemler ile yap\u0131lacak \u00e7evrimd\u0131\u015f\u0131 veri payla\u015f\u0131m\u0131 da d\u00fczenlenmi\u015ftir. Y\u00fcksek mahkemeler, Say\u0131\u015ftay, Y\u00fcksek Se\u00e7im Kurulu(YSK), mahkemeler, savc\u0131l\u0131klar ve 4483 say\u0131l\u0131 kanuna g\u00f6re g\u00f6revlendirilen \u00f6n incelemeciler taraf\u0131ndan dava, soru\u015fturma ve incelemeye ili\u015fkin veri taleplerinin kurula sunulmaks\u0131z\u0131n kar\u015f\u0131lanaca\u011f\u0131, ayn\u0131 \u015fekilde 5018 say\u0131l\u0131 kanun kapsam\u0131ndaki kamu kurum ve kurulu\u015flar\u0131nca y\u00fcr\u00fct\u00fclen inceleme, denetim, soru\u015fturma ve tefti\u015flerde veri talebi olursa kurula sunulmadan kar\u015f\u0131lanaca\u011f\u0131 ve son olarak 6698 say\u0131l\u0131 kanun 28\/\u00e7 bendi kapsam\u0131nda Milli G\u00fcvenlik, Milli Savunma, kamu d\u00fczeni veya ekonomik g\u00fcvenli\u011fi sa\u011flamaya y\u00f6nelik kamu faaliyetlerinde de kurula sunulmadan veri payla\u015f\u0131m\u0131 yap\u0131laca\u011f\u0131 ifade edilmi\u015ftir.<\/p>\n<p>Son olarak veri al\u0131c\u0131 kurumlar\u0131n bu verileri sadece ilgili g\u00f6rev ve sorumluluklar\u0131 i\u00e7in kullanabilece\u011fi, \u00fc\u00e7\u00fcnc\u00fc ki\u015filerle payla\u015famayaca\u011f\u0131, bu verilerin korunmas\u0131 i\u00e7in gerekli \u00f6nlemleri alaca\u011f\u0131 aksi durumda TCK ve 6698 say\u0131l\u0131 kanun kapsam\u0131nda cezaland\u0131r\u0131laca\u011f\u0131 belirtilmi\u015ftir.<\/p>","protected":false},"excerpt":{"rendered":"<p>Veri Payla\u015f\u0131m Kurulu Y\u00f6netmeli\u011fi, N\u00fcfus ve Vatanda\u015fl\u0131k \u0130\u015fleri Genel M\u00fcd\u00fcrl\u00fc\u011f\u00fc birimlerinin, kurumlar\u0131n ve kamu hizmeti sunan t\u00fczel ki\u015filerin bu Genel M\u00fcd\u00fcrl\u00fck veri taban\u0131ndaki ki\u015fisel verilerden ne \u015fekilde ve hangi kapsamda yararlanmalar\u0131n\u0131 d\u00fczenlemek amac\u0131yla yay\u0131nlanm\u0131\u015ft\u0131r. Y\u00f6netmelik kapsam\u0131nda hangi kurumlarla hangi verilerin payla\u015f\u0131laca\u011f\u0131 ve ne \u015fekilde payla\u015f\u0131laca\u011f\u0131 hususlar\u0131n\u0131n veri payla\u015f\u0131m kurulu taraf\u0131ndan belirlenece\u011fi belirtilmi\u015ftir. Kurul \u00fcyeleri \u0130\u00e7i\u015fleri [&hellip;]<\/p>","protected":false},"author":1,"featured_media":7997,"comment_status":"closed","ping_status":"open","sticky":false,"template":"","format":"standard","meta":{"footnotes":""},"categories":[9],"tags":[],"class_list":["post-8466","post","type-post","status-publish","format-standard","has-post-thumbnail","hentry","category-genel-hukuk"],"_links":{"self":[{"href":"https:\/\/www.eyuboglubuyukatak.av.tr\/en\/wp-json\/wp\/v2\/posts\/8466","targetHints":{"allow":["GET"]}}],"collection":[{"href":"https:\/\/www.eyuboglubuyukatak.av.tr\/en\/wp-json\/wp\/v2\/posts"}],"about":[{"href":"https:\/\/www.eyuboglubuyukatak.av.tr\/en\/wp-json\/wp\/v2\/types\/post"}],"author":[{"embeddable":true,"href":"https:\/\/www.eyuboglubuyukatak.av.tr\/en\/wp-json\/wp\/v2\/users\/1"}],"replies":[{"embeddable":true,"href":"https:\/\/www.eyuboglubuyukatak.av.tr\/en\/wp-json\/wp\/v2\/comments?post=8466"}],"version-history":[{"count":0,"href":"https:\/\/www.eyuboglubuyukatak.av.tr\/en\/wp-json\/wp\/v2\/posts\/8466\/revisions"}],"wp:featuredmedia":[{"embeddable":true,"href":"https:\/\/www.eyuboglubuyukatak.av.tr\/en\/wp-json\/wp\/v2\/media\/7997"}],"wp:attachment":[{"href":"https:\/\/www.eyuboglubuyukatak.av.tr\/en\/wp-json\/wp\/v2\/media?parent=8466"}],"wp:term":[{"taxonomy":"category","embeddable":true,"href":"https:\/\/www.eyuboglubuyukatak.av.tr\/en\/wp-json\/wp\/v2\/categories?post=8466"},{"taxonomy":"post_tag","embeddable":true,"href":"https:\/\/www.eyuboglubuyukatak.av.tr\/en\/wp-json\/wp\/v2\/tags?post=8466"}],"curies":[{"name":"wp","href":"https:\/\/api.w.org\/{rel}","templated":true}]}}