{"id":8454,"date":"2021-03-16T21:07:45","date_gmt":"2021-03-16T21:07:45","guid":{"rendered":"http:\/\/www.eyuboglubuyukatak.av.tr\/?p=8454"},"modified":"2023-12-12T16:56:37","modified_gmt":"2023-12-12T13:56:37","slug":"kisa-sureli-calisma-ve-kisa-calisma-odenegi-hakkinda-bilgiler","status":"publish","type":"post","link":"https:\/\/www.eyuboglubuyukatak.av.tr\/en\/kisa-sureli-calisma-ve-kisa-calisma-odenegi-hakkinda-bilgiler\/","title":{"rendered":"K\u0131sa S\u00fcreli \u00c7al\u0131\u015fma ve K\u0131sa \u00c7al\u0131\u015fma \u00d6dene\u011fi Hakk\u0131nda Bilgiler"},"content":{"rendered":"<p>Bilindi\u011fi \u00fczere \u00c7in Halk Cumhuriyeti\u2019nde ba\u015flayarak \u00e7ok say\u0131da \u00fclkeye yay\u0131lan COVID-19 salg\u0131n hastal\u0131\u011f\u0131n\u0131n yay\u0131lmas\u0131n\u0131n \u00f6nlenmesi amac\u0131yla \u00fclkemizde de bir\u00e7ok ola\u011fan\u00fcst\u00fc \u00f6nlem al\u0131nm\u0131\u015ft\u0131r. \u0130\u015fbu bilgi notumuzda koronavir\u00fcs nedeniyle k\u0131sa \u00e7al\u0131\u015fma \u00f6dene\u011fine ba\u015fvuran i\u015fverenlerin k\u0131sa \u00e7al\u0131\u015fma \u00f6dene\u011fi erken sona erdirip \u00e7al\u0131\u015fmaya ba\u015flarken dikkat etmesi gereken hususlar hakk\u0131nda bilgi verece\u011fiz.<\/p>\n<p><strong>1. K\u0131sa \u00c7al\u0131\u015fma Uygulamas\u0131ndan Normal Faaliyete Ge\u00e7en \u0130\u015fveren Bildirim Yapmal\u0131 M\u0131d\u0131r?<\/strong><\/p>\n<p>\u0130\u015fverenin, k\u0131sa \u00e7al\u0131\u015fma uygulamas\u0131 devam ederken, normal faaliyetine ba\u015flamaya karar vermesi halinde bu karar\u0131n\u0131; Kurum birimine, Varsa toplu i\u015f s\u00f6zle\u015fmesi taraf\u0131 i\u015f\u00e7i sendikas\u0131na ve \u0130\u015f\u00e7ilere, 6(alt\u0131) i\u015fg\u00fcn\u00fc \u00f6nce yaz\u0131l\u0131 olarak bildirmesi zorunludur. (K\u0131sa \u00c7al\u0131\u015fma Ve K\u0131sa \u00c7al\u0131\u015fma \u00d6dene\u011fi Hakk\u0131nda Y\u00f6netmelik Md. 11)<\/p>\n<p><strong>2. Bildirim \u0130le Derhal Normal Uygulamaya Ge\u00e7ilebilir Mi?<\/strong><\/p>\n<p>\u0130\u015fverenin yapaca\u011f\u0131 bildirimde k\u0131sa \u00e7al\u0131\u015fma uygulamas\u0131n\u0131n hangi tarihte bitece\u011fi net olarak belirtilmek zorundad\u0131r. Belirtilen bu tarih itibar\u0131yla k\u0131sa \u00e7al\u0131\u015fma uygulamas\u0131 sona erecek ve normal \u00e7al\u0131\u015fma d\u00fczenine d\u00f6n\u00fclecektir. (K\u0131sa \u00c7al\u0131\u015fma Ve K\u0131sa \u00c7al\u0131\u015fma \u00d6dene\u011fi Hakk\u0131nda Y\u00f6netmelik Md. 11)<\/p>\n<p><strong>3. Zorunluluk D\u00f6nemi \u0130\u00e7erisinde Yap\u0131lacak Bildirimler \u0130\u015f\u00e7iye Nas\u0131l Yap\u0131lacakt\u0131r?<\/strong><\/p>\n<p>\u0130\u015f Kanunu uyar\u0131nca i\u015fveren taraf\u0131ndan i\u015f\u00e7iye yap\u0131lacak her t\u00fcrl\u00fc bildirim yaz\u0131l\u0131 \u015fekilde yap\u0131lmal\u0131d\u0131r. \u0130\u015fveren bu durumlarda bildirimin i\u015f\u00e7iye ula\u015ft\u0131\u011f\u0131n\u0131, i\u015f\u00e7iyi haberdar etti\u011fini kan\u0131tlamak zorundad\u0131r. (07.04.2020 TBB TV konferans\u0131 Ankara BAM 8. Hukuk \u00dcyesi Cem \u00c7elik)<\/p>\n<p><strong>4. K\u0131sa \u00c7al\u0131\u015fma \u00d6dene\u011fine \u0130le Birlikte K\u0131sa \u00c7al\u0131\u015fma Yap\u0131lmas\u0131 Halinde Durum Ne Olacakt\u0131r?<\/strong><\/p>\n<p>\u0130\u015fverenin \u00e7al\u0131\u015fma s\u00fcresini azaltt\u0131\u011f\u0131 durumlarda i\u015f\u00e7i hem k\u0131sa \u00e7al\u0131\u015fma \u00f6dene\u011fi alacak hem de \u00e7al\u0131\u015ft\u0131\u011f\u0131 k\u0131s\u0131m kadar sigorta ve \u00fccret \u00f6denecektir. (07.04.2020 TBB TV konferans\u0131 Ankara BAM 8. Hukuk \u00dcyesi Cem \u00c7elik)<\/p>\n<p><strong>5. K\u0131sa \u00c7al\u0131\u015fma Yap\u0131lmas\u0131 Halinde \u00c7al\u0131\u015fmalara \u0130li\u015fkin Kay\u0131t Tutulmal\u0131 M\u0131d\u0131r?<\/strong><\/p>\n<p>K\u0131sa \u00e7al\u0131\u015fma yapan i\u015fveren, i\u015f\u00e7ilerin \u00e7al\u0131\u015fma s\u00fcrelerine ili\u015fkin kay\u0131tlar\u0131 tutmak ve istenilmesi halinde ibraz etmek zorundad\u0131r. (K\u0131sa \u00c7al\u0131\u015fma Ve K\u0131sa \u00c7al\u0131\u015fma \u00d6dene\u011fi Hakk\u0131nda Y\u00f6netmelik Md. 10)<\/p>\n<p><strong>6. \u0130\u015f\u00e7ilerin Bir K\u0131sm\u0131 A\u00e7\u0131s\u0131ndan Normal Uygulamaya Ge\u00e7erek Di\u011fer K\u0131s\u0131m \u0130\u00e7in K\u0131sa \u00c7al\u0131\u015fma Uygulamas\u0131na Devam Etmek M\u00fcmk\u00fcn M\u00fcd\u00fcr?<\/strong><\/p>\n<p>Evet. \u00d6rne\u011fin \u00fcretim sekt\u00f6r\u00fcnde faaliyet g\u00f6steren bir \u015firket i\u00e7in \u00fcretimin durdurmak zorunda kal\u0131nmas\u0131 halinde \u00fcretimde \u00e7al\u0131\u015fan i\u015f\u00e7iler a\u00e7\u0131s\u0131ndan k\u0131sa \u00e7al\u0131\u015fma \u00f6dene\u011fine ba\u015fvuru yap\u0131l\u0131p, i\u015fyerinin g\u00fcvenlik, makine bak\u0131m\u0131ndan sorumlu teknisyenleri gibi i\u015f\u00e7iler a\u00e7\u0131s\u0131ndan k\u0131sa \u00e7al\u0131\u015fma \u00f6dene\u011fine ba\u015fvurmamak m\u00fcmk\u00fcnd\u00fcr. Bu durum e\u015fit davranma y\u00fck\u00fcml\u00fcl\u00fc\u011f\u00fcne ayk\u0131r\u0131l\u0131k te\u015fkil edilmeyecektir. (07.04.2020 TBB TV konferans\u0131 Ankara BAM 8. Hukuk \u00dcyesi Cem \u00c7elik) Ayr\u0131ca ayn\u0131 i\u015fi yapan i\u015f\u00e7iler aras\u0131nda bu t\u00fcr bir ayr\u0131ma gidilmesi e\u015fit davranma y\u00fck\u00fcml\u00fcl\u00fc\u011f\u00fcn\u00fc ihlal edilmesi olarak kabul edilecek olup, somut durum itibariyle her durumu ayr\u0131 ayr\u0131 de\u011ferlendirmek gerekecektir.<\/p>\n<p><strong>7. Salg\u0131n S\u00fcrecinde \u0130\u015f Hayat\u0131na Devam Etmek \u0130steyen \u0130\u015fveren \u0130lk Olarak Ne Yapmal\u0131d\u0131r?<\/strong><\/p>\n<p>Salg\u0131n s\u00fcresince i\u015f hayat\u0131na devam etmek zorunda olan i\u015fveren ilk olarak i\u015f sa\u011fl\u0131\u011f\u0131 ve g\u00fcvenli\u011fi a\u00e7\u0131s\u0131ndan risk de\u011ferlendirmesi yapmakla y\u00fck\u00fcml\u00fcd\u00fcr. (\u0130\u015f Sa\u011fl\u0131\u011f\u0131 ve G\u00fcvenli\u011fi Kanunu md.10)<\/p>\n<p><strong>8. Risk De\u011ferlendirmesi Yap\u0131l\u0131rken Dikkat Edilecek Hususlar Nelerdir?<\/strong><\/p>\n<p>\u0130\u015f Sa\u011fl\u0131\u011f\u0131 ve G\u00fcvenli\u011fi Kanunu\u2019nun risk analizini d\u00fczenleyen 10. Maddesi uyar\u0131nca i\u015fverenin dikkat etmesi gereken hususlar; &#8211; Belirli risklerden etkilenecek \u00e7al\u0131\u015fanlar\u0131n durumu,. &#8211; Kullan\u0131lacak i\u015f ekipman\u0131 ile kimyasal madde ve m\u00fcstahzarlar\u0131n se\u00e7imi, &#8211; \u0130\u015fyerinin tertip ve d\u00fczeni, &#8211; Gen\u00e7, ya\u015fl\u0131, engelli, gebe veya emziren \u00e7al\u0131\u015fanlar gibi \u00f6zel politika gerektiren gruplar, &#8211; Kad\u0131n \u00e7al\u0131\u015fanlar\u0131n durumu, Hususlar\u0131na dikkat etmek suretiyle risk analizi yapmak zorundad\u0131r.<\/p>\n<p><strong>9. Risk De\u011ferlendirmesi Sonucunda Ortaya Ne \u00c7\u0131kacakt\u0131r?<\/strong><\/p>\n<p>\u0130\u015fveren, yap\u0131lacak risk de\u011ferlendirmesi sonucu al\u0131nacak i\u015f sa\u011fl\u0131\u011f\u0131 ve g\u00fcvenli\u011fi tedbirleri ile kullan\u0131lmas\u0131 gereken koruyucu donan\u0131m veya ekipman\u0131 belirleyecektir. (\u0130\u015f Sa\u011fl\u0131\u011f\u0131 ve G\u00fcvenli\u011fi Kanunu md.10)<\/p>\n<p><strong>10. Risk De\u011ferlendirmesi Sonucunda Al\u0131nan Kararlar\u0131n \u0130\u015f\u00e7iler Bildirilecek Midir?<\/strong><\/p>\n<p>\u0130\u015fyerinde i\u015f sa\u011fl\u0131\u011f\u0131 ve g\u00fcvenli\u011finin sa\u011flanmas\u0131 ve s\u00fcrd\u00fcr\u00fclebilmesi amac\u0131yla i\u015fveren, \u00e7al\u0131\u015fanlar\u0131 ve \u00e7al\u0131\u015fan temsilcilerini i\u015fyerinin \u00f6zelliklerini de dikkate alarak alm\u0131\u015f oldu\u011fu kararlar hakk\u0131nda bildirmesi gerekmektedir. (\u0130\u015f Sa\u011fl\u0131\u011f\u0131 ve G\u00fcvenli\u011fi Kanunu md.16) Bu risk de\u011ferlendirmesine ek olarak \u00e7al\u0131\u015fanlara yap\u0131lacak bilgilendirme duyurular\u0131 ve iletilerde ki\u015fisel temizlik d\u0131\u015f\u0131nda i\u015fyeri ve \u00e7al\u0131\u015fma alan\u0131 temizli\u011finin ne \u015fekilde sa\u011flanmas\u0131 gerekti\u011fi konusuna yer verilmesi uygun olacakt\u0131r.<\/p>\n<p><strong>11. \u0130\u015fverenin Bildirim D\u0131\u015f\u0131nda Bir E\u011fitim Verme Zorunlulu\u011fu Var M\u0131d\u0131r?<\/strong><\/p>\n<p>Evet. \u0130\u015fveren, \u00e7al\u0131\u015fanlar\u0131n pandemi d\u00f6nemine ili\u015fkin i\u015f sa\u011fl\u0131\u011f\u0131 ve g\u00fcvenli\u011fi e\u011fitimlerini almas\u0131n\u0131 sa\u011flayacakt\u0131r. Bu e\u011fitim \u00f6zellikle; i\u015fe ba\u015flamadan \u00f6nce, \u00e7al\u0131\u015fma yeri veya i\u015f de\u011fi\u015fikli\u011finde, i\u015f ekipman\u0131n\u0131n de\u011fi\u015fmesi h\u00e2linde veya yeni teknoloji uygulanmas\u0131 h\u00e2linde verilecek olup, pandemi s\u00fcresince al\u0131nacak tedbirle normal s\u00fcre\u00e7ten farkl\u0131 olmas\u0131 sebebiyle i\u015f\u00e7ilere \u00f6nceden verilen e\u011fitimler haricinde ayr\u0131ca e\u011fitim vermek gerekecektir. E\u011fitimler, de\u011fi\u015fen ve ortaya \u00e7\u0131kan yeni risklere uygun olarak yenilenir, gerekti\u011finde ve d\u00fczenli aral\u0131klarla tekrarlanacakt\u0131r. (\u0130\u015f Sa\u011fl\u0131\u011f\u0131 ve G\u00fcvenli\u011fi Kanunu md.17)<\/p>\n<p><strong>12. \u0130\u015fveren \u0130\u015fyerinde Sa\u011fl\u0131k G\u00f6zetimlerini Nas\u0131l Yapacakt\u0131r?<\/strong><\/p>\n<p>\u0130\u015f Sa\u011fl\u0131\u011f\u0131 ve G\u00fcvenli\u011fi Kanunu\u2019nun 15. Maddesi uyar\u0131nca i\u015fveren; \u00c7al\u0131\u015fanlar\u0131n i\u015fyerinde maruz kalacaklar\u0131 sa\u011fl\u0131k ve g\u00fcvenlik risklerini dikkate alarak sa\u011fl\u0131k g\u00f6zetimine tabi tutulmalar\u0131n\u0131 sa\u011flayacakt\u0131r. A\u015fa\u011f\u0131daki hallerde;<\/p>\n<p>&#8211; \u0130\u015fe giri\u015flerinde.<br \/>\n&#8211; \u0130\u015f de\u011fi\u015fikli\u011finde.<br \/>\n&#8211; \u0130\u015f kazas\u0131, meslek hastal\u0131\u011f\u0131 veya sa\u011fl\u0131k nedeniyle tekrarlanan i\u015ften uzakla\u015fmalar\u0131ndan sonra i\u015fe d\u00f6n\u00fc\u015flerinde talep etmeleri h\u00e2linde.<br \/>\n&#8211; \u0130\u015fin devam\u0131 s\u00fcresince, \u00e7al\u0131\u015fan\u0131n ve i\u015fin niteli\u011fi ile i\u015fyerinin tehlike s\u0131n\u0131f\u0131na g\u00f6re Bakanl\u0131k\u00e7a belirlenen d\u00fczenli aral\u0131klarla,<\/p>\n<p>\u00c7al\u0131\u015fanlar\u0131n sa\u011fl\u0131k muayenelerinin yap\u0131lmas\u0131n\u0131 sa\u011flamak zorundad\u0131r<\/p>\n<p><strong>13. \u0130\u015fveren Bu Sa\u011fl\u0131k G\u00f6zetimini Hangi \u015eekilde Sa\u011flayacakt\u0131r?<\/strong><\/p>\n<p>Al\u0131nmas\u0131 gereken sa\u011fl\u0131k raporlar\u0131 i\u015fyeri hekiminden al\u0131n\u0131r. 50\u2019den az \u00e7al\u0131\u015fan\u0131 bulunan ve az tehlikeli i\u015fyerleri i\u00e7in ise kamu hizmet sunucular\u0131 veya aile hekimlerinden de al\u0131nabilir. (\u0130\u015f Sa\u011fl\u0131\u011f\u0131 ve G\u00fcvenli\u011fi Kanunu md.15)<\/p>\n<p><strong>14. Sa\u011fl\u0131k G\u00f6zetimi Kapsam\u0131nda Neler Bulunmaktad\u0131r?<\/strong><\/p>\n<p>\u0130\u015fverenin sa\u011fl\u0131k g\u00f6zetimi kapsam\u0131nda i\u015fyerindeki sa\u011fl\u0131k ko\u015fullar\u0131n\u0131n ve i\u015fyeri hijyeninin sa\u011flanmas\u0131 i\u00e7in al\u0131nacak tedbirlerin t\u00fcm\u00fc say\u0131lmaktad\u0131r. Bunlara \u00f6rnek vermek gerekirse; Ortak kullan\u0131m alanlar\u0131nda gerekli dezenfekte i\u015flemlerinin yap\u0131lmas\u0131, \u00e7al\u0131\u015fanlar\u0131n mal ya da hizmet \u00fcrettikleri \u00e7al\u0131\u015fma alanlar\u0131n\u0131n ila\u00e7lanmas\u0131, genel olarak yap\u0131lan temizlik hizmetleri d\u0131\u015f\u0131nda ayr\u0131ca \u00f6zel olarak kullan\u0131lmas\u0131 gerekli dezenfektan maddelerin kullan\u0131m\u0131n\u0131n i\u015f g\u00fcvenli\u011fi uzman\u0131 ve i\u015fyeri hekimi kontrol\u00fcnde sa\u011flanmas\u0131 gerekmektedir<\/p>\n<p><strong>15. Sa\u011fl\u0131k G\u00f6zetiminin Ek Maliyet Olu\u015fturmas\u0131 Halinde Bu Maliyet \u00c7al\u0131\u015fanlara Yans\u0131t\u0131labilecek Midir?<\/strong><\/p>\n<p>Sa\u011fl\u0131k g\u00f6zetiminden do\u011fan maliyet ve bu g\u00f6zetimden kaynakl\u0131 her t\u00fcrl\u00fc ek maliyet i\u015fverence kar\u015f\u0131lan\u0131r, \u00e7al\u0131\u015fana yans\u0131t\u0131lamaz. (\u0130\u015f Sa\u011fl\u0131\u011f\u0131 ve G\u00fcvenli\u011fi Kanunu md.15)<\/p>\n<p><strong>16. \u0130\u015fverenin Gerekli T\u00fcm \u00d6nlemleri Almas\u0131na Ra\u011fmen \u0130\u015f\u00e7inin \u0130\u015fyerinde Covid-19 Testinin Pozitif Olmas\u0131 Halinde \u0130\u015fverenin Sorumlulu\u011fu Nedir?<\/strong><\/p>\n<p>\u0130\u015f g\u00fcvenli\u011fi uzmanlar\u0131 taraf\u0131ndan al\u0131nacak raporda i\u015fverene bir kusur y\u00fcklenilmesi halinde illiyet ba\u011f\u0131 kurulaca\u011f\u0131ndan maddi ve manevi tazminat ile kar\u015f\u0131la\u015f\u0131labilir. (07.04.2020 TBB TV konferans\u0131 Ankara BAM 8. Hukuk \u00dcyesi Cem \u00c7elik)<\/p>\n<p><strong>17. \u0130\u015f\u00e7inin Covid-19 Testinin Pozitif \u00c7\u0131kmas\u0131 Halinde Ne Yap\u0131lacakt\u0131r?<\/strong><\/p>\n<p>\u0130\u015fyerinde \u00e7al\u0131\u015fan i\u015f\u00e7ilerden birinde covid-19 testinin pozitif \u00e7\u0131kmas\u0131 halinde bu i\u015f\u00e7iye yak\u0131n \u00e7al\u0131\u015fan di\u011fer i\u015f\u00e7iler karantina alt\u0131nda tutulabilir. Bu durum zorunluluk hali te\u015fkil edecek olup, y\u0131ll\u0131k izinden mahsup edilemez ve i\u015f\u00e7inin bu s\u00fcre boyunca \u00fccreti \u00f6denmelidir. (07.04.2020 TBB TV konferans\u0131 Ankara BAM 8. Hukuk \u00dcyesi Cem \u00c7elik)<\/p>\n<p><strong>18. \u0130\u015f\u00e7inin Covid-19 Testinin Pozitif \u00c7\u0131kmas\u0131 Halinde \u0130\u015f Kazas\u0131 Te\u015fkil Eder Mi?<\/strong><\/p>\n<p>\u0130l Sa\u011fl\u0131k M\u00fcd\u00fcrl\u00fcklerinin kay\u0131tlar\u0131 ile i\u015f\u00e7inin yakaland\u0131\u011f\u0131 hastal\u0131\u011f\u0131n kendi \u00e7evresinden kaynakland\u0131\u011f\u0131n\u0131n tespiti ile hastal\u0131k ile i\u015fveren\/i\u015fyeri aras\u0131ndaki illiyet ba\u011flant\u0131s\u0131 kesilmi\u015f kabul edilece\u011finden i\u015fverene herhangi bir \u015fekilde kusur atfedilemeyecektir. (07.04.2020 TBB TV konferans\u0131 Ankara BAM 8. Hukuk \u00dcyesi Cem \u00c7elik)<\/p>\n<p><strong>19. \u0130\u015fveren, \u0130\u015f\u00e7iyi \u00d6zellikle \u0130n\u015faat Veya \u00dcretim \u0130\u015finde \u00c7al\u0131\u015ft\u0131r\u0131yorsa Ve \u0130\u015f\u00e7inin Pandemi \u0130le Kar\u015f\u0131 Kar\u015f\u0131ya Kalmamas\u0131 Amac\u0131yla \u0130\u015fyerine Yak\u0131n Bir Yerde Konaklamaya Zorlayabilir Mi?<\/strong><\/p>\n<p>E\u011fer i\u015f\u00e7i sa\u011fl\u0131\u011f\u0131 bak\u0131m\u0131ndan toplu ta\u015f\u0131ma ile i\u015fyerine gidip gelmesi ve bu nedenle de di\u011fer i\u015f\u00e7ilere bula\u015ft\u0131rma riski olmas\u0131 halinde i\u015f sa\u011fl\u0131\u011f\u0131 uzman\u0131ndan al\u0131nacak rapor ile i\u015f\u00e7i i\u015fyerine yak\u0131n bir yerde konaklamaya zorlanabilir. (07.04.2020 TBB TV konferans\u0131 Ankara BAM 8. Hukuk \u00dcyesi Cem \u00c7elik)<\/p>","protected":false},"excerpt":{"rendered":"<p>Bilindi\u011fi \u00fczere \u00c7in Halk Cumhuriyeti\u2019nde ba\u015flayarak \u00e7ok say\u0131da \u00fclkeye yay\u0131lan COVID-19 salg\u0131n hastal\u0131\u011f\u0131n\u0131n yay\u0131lmas\u0131n\u0131n \u00f6nlenmesi amac\u0131yla \u00fclkemizde de bir\u00e7ok ola\u011fan\u00fcst\u00fc \u00f6nlem al\u0131nm\u0131\u015ft\u0131r. \u0130\u015fbu bilgi notumuzda koronavir\u00fcs nedeniyle k\u0131sa \u00e7al\u0131\u015fma \u00f6dene\u011fine ba\u015fvuran i\u015fverenlerin k\u0131sa \u00e7al\u0131\u015fma \u00f6dene\u011fi erken sona erdirip \u00e7al\u0131\u015fmaya ba\u015flarken dikkat etmesi gereken hususlar hakk\u0131nda bilgi verece\u011fiz. 1. K\u0131sa \u00c7al\u0131\u015fma Uygulamas\u0131ndan Normal Faaliyete Ge\u00e7en \u0130\u015fveren [&hellip;]<\/p>","protected":false},"author":1,"featured_media":7997,"comment_status":"closed","ping_status":"open","sticky":false,"template":"","format":"standard","meta":{"footnotes":""},"categories":[9],"tags":[],"class_list":["post-8454","post","type-post","status-publish","format-standard","has-post-thumbnail","hentry","category-genel-hukuk"],"_links":{"self":[{"href":"https:\/\/www.eyuboglubuyukatak.av.tr\/en\/wp-json\/wp\/v2\/posts\/8454","targetHints":{"allow":["GET"]}}],"collection":[{"href":"https:\/\/www.eyuboglubuyukatak.av.tr\/en\/wp-json\/wp\/v2\/posts"}],"about":[{"href":"https:\/\/www.eyuboglubuyukatak.av.tr\/en\/wp-json\/wp\/v2\/types\/post"}],"author":[{"embeddable":true,"href":"https:\/\/www.eyuboglubuyukatak.av.tr\/en\/wp-json\/wp\/v2\/users\/1"}],"replies":[{"embeddable":true,"href":"https:\/\/www.eyuboglubuyukatak.av.tr\/en\/wp-json\/wp\/v2\/comments?post=8454"}],"version-history":[{"count":0,"href":"https:\/\/www.eyuboglubuyukatak.av.tr\/en\/wp-json\/wp\/v2\/posts\/8454\/revisions"}],"wp:featuredmedia":[{"embeddable":true,"href":"https:\/\/www.eyuboglubuyukatak.av.tr\/en\/wp-json\/wp\/v2\/media\/7997"}],"wp:attachment":[{"href":"https:\/\/www.eyuboglubuyukatak.av.tr\/en\/wp-json\/wp\/v2\/media?parent=8454"}],"wp:term":[{"taxonomy":"category","embeddable":true,"href":"https:\/\/www.eyuboglubuyukatak.av.tr\/en\/wp-json\/wp\/v2\/categories?post=8454"},{"taxonomy":"post_tag","embeddable":true,"href":"https:\/\/www.eyuboglubuyukatak.av.tr\/en\/wp-json\/wp\/v2\/tags?post=8454"}],"curies":[{"name":"wp","href":"https:\/\/api.w.org\/{rel}","templated":true}]}}