{"id":8448,"date":"2021-03-16T20:43:57","date_gmt":"2021-03-16T20:43:57","guid":{"rendered":"http:\/\/www.eyuboglubuyukatak.av.tr\/?p=8448"},"modified":"2023-12-12T16:56:37","modified_gmt":"2023-12-12T13:56:37","slug":"17-04-2020-tarihli-torba-yasa-ile-getirilen-degisiklikler","status":"publish","type":"post","link":"https:\/\/www.eyuboglubuyukatak.av.tr\/en\/17-04-2020-tarihli-torba-yasa-ile-getirilen-degisiklikler\/","title":{"rendered":"17.04.2020 Tarihli Torba Yasa \u0130le Getirilen De\u011fi\u015fiklikler"},"content":{"rendered":"<p>Bilindi\u011fi \u00fczere \u00c7in Halk Cumhuriyeti\u2019nde ba\u015flayarak \u00e7ok say\u0131da \u00fclkeye yay\u0131lan COVID-19 salg\u0131n hastal\u0131\u011f\u0131n\u0131n yay\u0131lmas\u0131n\u0131n \u00f6nlenmesi amac\u0131yla \u00fclkemizde de bir\u00e7ok ola\u011fan\u00fcst\u00fc \u00f6nlem al\u0131nm\u0131\u015ft\u0131r. 17.04.2020 tarihinde resmi gazete yay\u0131mlanarak y\u00fcr\u00fcrl\u00fc\u011fe giren de\u011fi\u015fikliklerle birlikte korona vir\u00fcs\u00fcn\u00fcn \u00fclkemize vermi\u015f oldu\u011fu ve verece\u011fi zararlar giderilmeye \u00e7al\u0131\u015f\u0131lm\u0131\u015f, bu kapsamda bir tak\u0131m kanunlarda de\u011fi\u015fiklikler yap\u0131lm\u0131\u015ft\u0131r.<\/p>\n<p>\u0130\u015fbu bilgi notumuzda i\u015f s\u00f6zle\u015fmesinin feshedilmemesi, i\u015fsizlik sigortas\u0131, \u015firket kar da\u011f\u0131t\u0131m\u0131, ertelenen alacaklar, i\u015fletmelerin vergi bor\u00e7lar\u0131 ve derneklerin genel kurullar\u0131na y\u00f6nelik yap\u0131lan de\u011fi\u015fiklik ve d\u00fczenlemelere ili\u015fkin soru-cevap \u015feklinde bilgilendirme yap\u0131lacakt\u0131r.<\/p>\n<p><strong>\u0130\u015f S\u00f6zle\u015fmelerinin Feshedilmemesine Y\u00f6nelik \u0130\u015f Kanunu ve \u0130\u015fsizlik Sigortas\u0131 Kanunu\u2019nda Yap\u0131lan D\u00fczenlemeler<\/strong><\/p>\n<p>1. Yap\u0131lan D\u00fczenlemeden Sonra \u0130\u015f S\u00f6zle\u015fmeleri Feshedilebilecek midir? \u0130\u015f Kanunu kapsam\u0131na olsun veya olmas\u0131n her t\u00fcrl\u00fc i\u015f\u00e7inin i\u015f s\u00f6zle\u015fmesi veya hizmet s\u00f6zle\u015fmesi bu maddenin y\u00fcr\u00fcrl\u00fc\u011fe girdi\u011fi tarihten itibaren \u00fc\u00e7 ay s\u00fcreyle 25 inci maddenin birinci f\u0131kras\u0131n\u0131n ikinci bendinde g\u00f6sterilen sebepler ve di\u011fer kanunlarda belirlenen ahlak ve iyi niyet kurallar\u0131na uymayan haller d\u0131\u015f\u0131nda i\u015fveren taraf\u0131ndan feshedilmesi idari para cezas\u0131na ba\u011flanm\u0131\u015ft\u0131r.<\/p>\n<p>2. \u0130\u015fveren Bu Madde H\u00fck\u00fcmlerine Ayk\u0131r\u0131 Olarak \u0130\u015f S\u00f6zle\u015fmesini Feshetmesi Halinde Ne Olacakt\u0131r? Bu madde h\u00fck\u00fcmlerine ayk\u0131r\u0131 olarak i\u015f s\u00f6zle\u015fmesini fesheden i\u015fverene i\u015f s\u00f6zle\u015fmesinin feshedildi\u011fi tarihteki ayl\u0131k br\u00fct asgari \u00fccret tutar\u0131nda idari para ceza verilecektir.<\/p>\n<p>3. \u0130\u015f S\u00f6zle\u015fmelerinin Feshedilememesinin \u0130stisnas\u0131 Var M\u0131d\u0131r?Kanun koyucu i\u015f s\u00f6zle\u015fmelerinin \u00fc\u00e7 ay s\u00fcreyle feshedilmemesine \u0130\u015f Kanunu\u2019nun 25. Maddesinin (II) bendinde say\u0131lan sebeplerin ger\u00e7ekle\u015fmesi halinde i\u015fverene fesih hakk\u0131 tan\u0131m\u0131\u015f olup, bunlar;<\/p>\n<p>\u201cII- Ahlak ve iyi niyet kurallar\u0131na uymayan haller ve benzerleri:<\/p>\n<p>a) \u0130\u015f s\u00f6zle\u015fmesi yap\u0131ld\u0131\u011f\u0131 s\u0131rada bu s\u00f6zle\u015fmenin esasl\u0131 noktalar\u0131ndan biri i\u00e7in gerekli vas\u0131flar veya \u015fartlar kendisinde bulunmad\u0131\u011f\u0131 halde bunlar\u0131n kendisinde bulundu\u011funu ileri s\u00fcrerek yahut ger\u00e7e\u011fe uygun olmayan bilgiler veya s\u00f6zler s\u00f6yleyerek i\u015f\u00e7inin i\u015fvereni yan\u0131ltmas\u0131.<br \/>\nb) \u0130\u015f\u00e7inin, i\u015fveren yahut bunlar\u0131n aile \u00fcyelerinden birinin \u015feref ve namusuna dokunacak s\u00f6zler sarf etmesi veya davran\u0131\u015flarda bulunmas\u0131 yahut i\u015fveren hakk\u0131nda \u015feref ve haysiyet k\u0131r\u0131c\u0131 as\u0131ls\u0131z ihbar ve isnatlarda bulunmas\u0131.<br \/>\nc) \u0130\u015f\u00e7inin i\u015fverenin ba\u015fka bir i\u015f\u00e7isine cinsel tacizde bulunmas\u0131.<br \/>\nd) \u0130\u015f\u00e7inin i\u015fverene yahut onun ailesi \u00fcyelerinden birine yahut i\u015fverenin ba\u015fka i\u015f\u00e7isine sata\u015fmas\u0131, i\u015fyerine sarho\u015f yahut uyu\u015fturucu madde alm\u0131\u015f olarak gelmesi ya da i\u015fyerinde bu maddeleri kullanmas\u0131.<br \/>\ne) \u0130\u015f\u00e7inin, i\u015fverenin g\u00fcvenini k\u00f6t\u00fcye kullanmak, h\u0131rs\u0131zl\u0131k yapmak, i\u015fverenin meslek s\u0131rlar\u0131n\u0131 ortaya atmak gibi do\u011fruluk ve ba\u011fl\u0131l\u0131\u011fa uymayan davran\u0131\u015flarda bulunmas\u0131.<br \/>\nf) \u0130\u015f\u00e7inin, i\u015fyerinde, yedi g\u00fcnden fazla hapisle cezaland\u0131r\u0131lan ve cezas\u0131 ertelenmeyen bir su\u00e7 i\u015flemesi.<br \/>\ng) \u0130\u015f\u00e7inin i\u015fverenden izin almaks\u0131z\u0131n veya hakl\u0131 bir sebebe dayanmaks\u0131z\u0131n ard\u0131 ard\u0131na iki i\u015fg\u00fcn\u00fc veya bir ay i\u00e7inde iki defa herhangi bir tatil g\u00fcn\u00fcnden sonraki i\u015f g\u00fcn\u00fc yahut bir ayda \u00fc\u00e7 i\u015fg\u00fcn\u00fc i\u015fine devam etmemesi.<br \/>\nh) \u0130\u015f\u00e7inin yapmakla \u00f6devli bulundu\u011fu g\u00f6revleri kendisine hat\u0131rlat\u0131ld\u0131\u011f\u0131 halde yapmamakta \u0131srar etmesi.<br \/>\n\u0131) \u0130\u015f\u00e7inin kendi iste\u011fi veya savsamas\u0131 y\u00fcz\u00fcnden i\u015fin g\u00fcvenli\u011fini tehlikeye d\u00fc\u015f\u00fcrmesi, i\u015fyerinin mal\u0131 olan veya mal\u0131 olmay\u0131p da eli alt\u0131nda bulunan makineleri, tesisat\u0131 veya ba\u015fka e\u015fya ve maddeleri otuz g\u00fcnl\u00fck \u00fccretinin tutar\u0131yla \u00f6deyemeyecek derecede hasara ve kayba u\u011fratmas\u0131.\u201d<\/p>\n<p>Olarak say\u0131lm\u0131\u015ft\u0131r. Bunlar d\u0131\u015f\u0131nda di\u011fer kanunlarda belirlenen ahlak ve iyi niyet kurallar\u0131na ayk\u0131r\u0131l\u0131k te\u015fkil eden hallerde i\u015f\u00e7inin i\u015f s\u00f6zle\u015fmesi feshedilebilecektir.<\/p>\n<p>4. Bu \u00dc\u00e7 Ayl\u0131k S\u00fcre \u0130\u00e7erisinde \u0130\u015fveren \u0130\u015f\u00e7iyi \u00dccretsiz \u0130zne Ay\u0131rabilecek Midir? Evet. \u0130\u015fveren bu \u00fc\u00e7 ayl\u0131k s\u00fcre boyunca i\u015f\u00e7iyi k\u0131smen veya tamamen \u00fccretsiz izne ay\u0131rabilecektir.<\/p>\n<p>5. \u0130\u015fverenin \u0130\u015f\u00e7iyi \u00dccretsiz \u0130zni Ay\u0131rmas\u0131 \u0130\u015f\u00e7iye \u0130\u015f S\u00f6zle\u015fmesini Fesih Hakk\u0131 Verecek Midir? Bu madde kapsam\u0131nda i\u015fveren taraf\u0131ndan \u00fccretsiz izne ayr\u0131lan i\u015f\u00e7i hakl\u0131 sebebe dayanarak dahi i\u015f s\u00f6zle\u015fmesini feshedemeyecektir.<\/p>\n<p><strong>\u0130\u015f S\u00f6zle\u015fmelerinin Feshedilmemesine \u0130\u015fsizlik Sigortas\u0131 Kanunu\u2019nda Yap\u0131lan D\u00fczenlemeler<\/strong><\/p>\n<p>6. Nakdi \u00dccret Deste\u011fi Nedir? \u00dccret deste\u011fi i\u015fsizlik sigorta fonundan ko\u015fullar\u0131 sa\u011flayan i\u015f\u00e7ilere yap\u0131lacak olan g\u00fcnl\u00fck 39,24-TL nakdi \u00fccret deste\u011fini ifade etmektedir. Bu destekten yaln\u0131zca damga vergisi kesintisi yap\u0131lacak olup, ba\u015fkaca bir kesinti yap\u0131lmayacakt\u0131r.<\/p>\n<p>7. Nakdi \u00dccret Deste\u011fine Hak Kazanabilmenin Ko\u015fullar\u0131 Nelerdir? \u00dccret deste\u011fine hak kazanabilmek i\u00e7in i\u015f\u00e7inin; &#8211; Bu maddenin y\u00fcr\u00fcrl\u00fc\u011fe girdi\u011fi tarihte i\u015f s\u00f6zle\u015fmesi bulunmakla birlikte \u0130\u015f Kanunu\u2019nun yukar\u0131da de\u011finilen ge\u00e7ici 10. Maddesi kapsam\u0131nda \u00fccretsiz izne ayr\u0131lan ve k\u0131sa \u00e7al\u0131\u015fma \u00f6dene\u011finden yararlanamayan, &#8211; 15.03.2020 tarihinden sonra 51. Madde kapsam\u0131nda i\u015f s\u00f6zle\u015fmesi feshedilen(\u0130\u015fsizlik Sigortas\u0131 Kanunu gere\u011fince i\u015fsizlik \u00f6dene\u011fi almaya hak kazanan i\u015f\u00e7iler), &#8211; \u0130\u015f Kanunu\u2019nun di\u011fer h\u00fck\u00fcmlerine g\u00f6re i\u015fsizlik h\u00fck\u00fcmlerinden yararlanamayan i\u015f\u00e7ilerden; Herhangi bir sosyal g\u00fcvenlik kurulu\u015fundan ya\u015fl\u0131l\u0131k ayl\u0131\u011f\u0131 almamak kayd\u0131 ko\u015fulunu sa\u011flayan i\u015f\u00e7iler \u00fccret deste\u011fine hak kazanacakt\u0131r.<\/p>\n<p>8. Nakdi \u00dccret Deste\u011fi Ne Kadar S\u00fcre Boyunca Verilecektir? \u00dccret deste\u011fi yukar\u0131da bahsedilen \u00fc\u00e7 ayl\u0131k fesih yasa\u011f\u0131 s\u00fcresini ge\u00e7memek \u00fczere ve bu \u00fc\u00e7 ayl\u0131k s\u00fcre boyunca i\u015f\u00e7ilerin \u00fccretsiz izinde bulunduklar\u0131 veya i\u015fsiz kald\u0131klar\u0131 s\u00fcre boyunca sa\u011flanacakt\u0131r.<\/p>\n<p>9. \u00dccretsiz \u0130zne Ayr\u0131larak Nakdi \u00dccret Deste\u011finden Yararlanan \u0130\u015f\u00e7ilerin Fiilen \u00c7al\u0131\u015ft\u0131r\u0131lmas\u0131 Halinde Ne Yap\u0131lacakt\u0131r? Bu durumun tespiti halinde i\u015fverene bu \u015fekilde \u00e7al\u0131\u015ft\u0131r\u0131lan her i\u015f\u00e7i ve \u00e7al\u0131\u015ft\u0131r\u0131ld\u0131\u011f\u0131 her ay i\u00e7in ayr\u0131 ayr\u0131 olmak \u00fczere fiilin i\u015flendi\u011fi tarihte belirlenen ayl\u0131k br\u00fct asgari \u00fccret tutar\u0131nda SGK taraf\u0131ndan idari para cezas\u0131 uygulanacak ve \u00f6denen nakdi \u00fccret deste\u011fi \u00f6deme tarihinden itibaren i\u015fleyecek kanuni faizi ile birlikte i\u015fverenden tahsil edilecektir.<\/p>\n<p>10. Nakdi \u00dccret Deste\u011finden Yararlananlar\u0131n Sigorta Durumu Ne Olacakt\u0131r? Bu madde kapsam\u0131nda nakdi \u00fccret deste\u011finden yararlananlar genel sa\u011fl\u0131k sigortal\u0131s\u0131 kapsam\u0131na girmeyen veya genel sa\u011fl\u0131k sigortal\u0131s\u0131n\u0131n bakmakla y\u00fck\u00fcml\u00fc oldu\u011fu ki\u015fi kapsam\u0131na girmeyenler genel sa\u011fl\u0131k sigortal\u0131s\u0131 say\u0131lacaklard\u0131r. Bu kapsamda genel sa\u011fl\u0131k sigortas\u0131na ili\u015fkin primleri de Fondan kar\u015f\u0131lanacakt\u0131r.<\/p>\n<p>11. K\u0131sa \u00c7al\u0131\u015fma \u00d6demesinde Uygunluk Denetimi S\u00fcreci Nas\u0131l Ger\u00e7ekle\u015ftirilecektir? Koronavir\u00fcs sebebiyle i\u015fverenlerin yapt\u0131klar\u0131 zorlay\u0131c\u0131 sebep gerek\u00e7eli k\u0131sa \u00e7al\u0131\u015fma ba\u015fvurular\u0131 i\u00e7in uygunluk denetiminin tamamlanmas\u0131 beklenmeksizin, i\u015fverenlerin beyanlar\u0131 do\u011frultusunda k\u0131sa \u00e7al\u0131\u015fma \u00f6dene\u011fi ger\u00e7ekle\u015ftirilecektir. \u0130\u015fverenlerin hatal\u0131 bilgi ve belge vermesi halinde yap\u0131lan fazla ve yersiz \u00f6demeler yasal faizi ile birlikte i\u015fverenden tahsil edilecektir.<\/p>\n<p>12. K\u0131sa \u00c7al\u0131\u015fma Uygunluk Denetimine \u0130li\u015fkin Denetim S\u00fcreci Hangi Tarihten \u0130tibaren Uygulanacakt\u0131r? Ge\u00e7mi\u015f Ba\u015fvurulara Etkisi Var M\u0131d\u0131r? Bu denetim s\u00fcreci 29.02.2020 tarihinden itibaren uygulanacak olup, bu nedenle 29.02.2020 tarihinden \u00f6nce yap\u0131lan t\u00fcm ba\u015fvurular\u0131 kapsamaktad\u0131r.<\/p>\n<p><strong>\u015eirket Kar Da\u011f\u0131t\u0131m\u0131na \u0130li\u015fkin T\u00fcrk Ticaret Kanunu\u2019nda Yap\u0131lan D\u00fczenlemeler<\/strong><\/p>\n<p>13. Sermaye \u015eirketlerinin Kar Da\u011f\u0131t\u0131m\u0131na \u0130li\u015fkin Herhangi Bir S\u0131n\u0131rlama Getirilmi\u015f Midir? Evet. Sermaye \u015firketlerinde 30.09.2020 tarihine kadar 2019 y\u0131l\u0131 net d\u00f6nem kar\u0131n\u0131n yaln\u0131zca y\u00fczde yirmi be\u015finin da\u011f\u0131t\u0131m\u0131na karar verilebilecektir.<\/p>\n<p>14. Bu Kar Da\u011f\u0131t\u0131m\u0131na Ge\u00e7mi\u015f Y\u0131l Karlar\u0131 Ve Serbest Yedek Ak\u00e7eler D\u00e2hil Midir? Hay\u0131r. 30.09.2020 tarihine kadar ge\u00e7mi\u015f y\u0131l karlar\u0131 ve serbest yedek ak\u00e7eler da\u011f\u0131t\u0131ma konu edilemeyecektir.<\/p>\n<p>15. Kar Pay\u0131 Avans\u0131 Da\u011f\u0131t\u0131m\u0131 Yetkilendirme \u0130le Yap\u0131labilecek Midir? Hay\u0131r. Yap\u0131lan d\u00fczenleme ile genel kurulca y\u00f6netim kuruluna kar pay\u0131 avans\u0131 da\u011f\u0131t\u0131m\u0131 i\u00e7in yetki verilemeyecektir.<\/p>\n<p>16. Yukar\u0131da A\u00e7\u0131klanan D\u00fczenlemelerin \u0130stisnas\u0131 Var M\u0131d\u0131r? -Devlet, \u0130l \u00d6zel \u0130daresi, belediye, k\u00f6y ile di\u011fer kamu t\u00fczel ki\u015filerinin ve &#8211; sermayesinin y\u00fczde ellisinden fazlas\u0131 kamuya ait fonlar\u0131n, do\u011frudan veya dolayl\u0131 olarak sermayesinin y\u00fczde ellisinden fazlas\u0131na sahip oldu\u011fu \u015firketler bu d\u00fczenleme haricinde b\u0131rak\u0131lm\u0131\u015ft\u0131r.<\/p>\n<p>17. Kar Pay\u0131 Da\u011f\u0131t\u0131m\u0131 Karar\u0131 Al\u0131nm\u0131\u015f Ancak Hen\u00fcz Pay Sahiplerine \u00d6deme Yap\u0131lmam\u0131\u015f Sermaye \u015eirketlerinde Durum Ne Olacakt\u0131r? Genel kurulca 2019 y\u0131l\u0131 hesap d\u00f6nemine ili\u015fkin kar pay\u0131 da\u011f\u0131t\u0131m\u0131 karar\u0131 al\u0131nm\u0131\u015f ancak; &#8211; hen\u00fcz pay sahiplerine \u00f6deme yap\u0131lmam\u0131\u015f veya &#8211; k\u0131smi \u00f6deme yap\u0131lm\u0131\u015f durumlarda, 2019 y\u0131l\u0131 net d\u00f6nem kar\u0131n\u0131n y\u00fczde yirmi be\u015fini a\u015fan k\u0131sma ili\u015fkin \u00f6demeler 30.09.2020 tarihine kadar ertelenecektir.<\/p>\n<p><strong>01.04.2020 Tarihi \u0130tibari \u0130le Ertelenen Alacaklara \u0130li\u015fkin D\u00fczenlemeler<\/strong><\/p>\n<p>18. Hazine Ta\u015f\u0131nmazlar\u0131na \u0130li\u015fkin S\u00f6zle\u015fme ile Kurulmu\u015f Alacaklar\u0131n Durumu Ne Olacakt\u0131r? \u00c7evre ve \u015eehircilik Bakanl\u0131\u011f\u0131 Hazine ta\u015f\u0131nmazlar\u0131na ili\u015fkin ecrimisil bedelleri ile mevcut bir s\u00f6zle\u015fmeye konu ve 01.04.2020 tarihinden itibaren 3 ayl\u0131k d\u00f6nem boyunca tahsil edilmesi gereken bedelleri ba\u015fvuru \u015fart\u0131 aranmaks\u0131z\u0131n 3 ay s\u00fcreyle erteleme yetkisi verilmi\u015ftir.<\/p>\n<p>19. Devlet Ormanlar\u0131nda Verilen \u0130zinler ve Kiraya Verilen Mesire Alanlar\u0131 Yahut Milli Parklara \u0130li\u015fkin Bedeller A\u00e7\u0131s\u0131ndan Bir D\u00fczenleme Yap\u0131lm\u0131\u015f M\u0131d\u0131r? Orman Kanunu gere\u011fince Devlet ormanlar\u0131nda ger\u00e7ek ve \u00f6zel hukuk t\u00fczel ki\u015fileri ad\u0131na verilen izinler ile Orman Genel M\u00fcd\u00fcrl\u00fc\u011f\u00fc taraf\u0131ndan Devlet \u0130hale Kanunu gere\u011fince kiraya verilen mesire yerleri ve ta\u015f\u0131nmazlardan tahsil edilmesi gereken bedeller ve Milli Parklar Kanuna tabi alanlarda yap\u0131lan kiramalar sonucu tahsil edilmesi gereken bedeller, 01\/04\/2020 tarihinde h\u00fck\u00fcm do\u011furmaya ba\u015flamak \u00fczere 3 ayl\u0131k d\u00f6neme denk gelecek \u015fekilde alacaklar herhangi bir ba\u015fvuru \u015fart\u0131 aranmaks\u0131z\u0131n ertelenmi\u015ftir. \u0130lgili erteleme s\u00fcresi 3 aya kadar daha uzat\u0131labilir. Erteleme s\u00fcresinin sonunda ilgili alacaklar ertelenen s\u00fcre kadar ayl\u0131k e\u015fit taksitler halinde herhangi bir faiz veya gecikme zamm\u0131 s\u00f6z konusu olmaks\u0131z\u0131n \u00f6denecektir. Ayr\u0131ca d\u00fczenlemede bahsi ge\u00e7en mevzuatlar kapsam\u0131nda verilen izinlerin yukar\u0131da bahsi ge\u00e7en erteleme d\u00f6nemi i\u00e7erisinde tahakkuk eden ilk y\u0131l bedellerine kar\u015f\u0131l\u0131k verilecek bir banka teminat mektubu ile de yer teslimi yap\u0131laca\u011f\u0131 yeni getirilen d\u00fczenlemede belirtilmektedir.<\/p>\n<p>20. Turizm Tesisi Maksad\u0131yla \u0130zin Alan \u00d6zel Ve T\u00fczel Ki\u015filer Bu Ertelemeden Yararlanabilecek Midir? Orman Kanuna ili\u015fkin alacaklar bak\u0131m\u0131ndan uygulanacak erteleme esas\u0131na turizm maksad\u0131yla verilen izinler d\u00e2hil de\u011fildir.<\/p>\n<p><strong>19.03.2020 Tarihi \u0130tibari \u0130le Ertelenen Alacaklara \u0130li\u015fkin D\u00fczenlemeler<\/strong><\/p>\n<p>21. Belediyelerden M\u00fclkiyetinde Bulunan Ta\u015f\u0131nmazlar\u0131n Sat\u0131\u015f, Ecrimisil ve Kira Bedellerine \u0130li\u015fkin Bir D\u00fczenleme Yap\u0131lm\u0131\u015f M\u0131d\u0131r? B\u00fcy\u00fck\u015fehir belediyeleri, belediyeler, il \u00f6zel idareleri ve ba\u011fl\u0131 kurulu\u015flar\u0131 ile bunlar\u0131n \u00fcyesi oldu\u011fu mahalli idare birliklerinin m\u00fclkiyetinde veya tasarrufunda olan ta\u015f\u0131nmazlara ili\u015fkin olarak sat\u0131\u015f, ecrimisil ve kiralamadan do\u011fan alacaklar 19\/03\/2020 tarihinde h\u00fck\u00fcm do\u011furmaya ba\u015flamak \u00fczere 3 ayl\u0131k d\u00f6neme denk gelecek \u015fekilde herhangi bir ba\u015fvuru \u015fart\u0131 aranmaks\u0131z\u0131n ertelenmi\u015ftir.<\/p>\n<p>22. Bu Erteleme Sonunda Ertelenen Sat\u0131\u015f, Ecrimisil ve Kira Bedelleri Ne \u015eekilde \u00d6denecektir? Erteleme s\u00fcresinin sonunda ilgili alacaklar ertelenen s\u00fcre kadar ayl\u0131k e\u015fit taksitler halinde herhangi bir faiz veya gecikme zamm\u0131 s\u00f6z konusu olmaks\u0131z\u0131n \u00f6denecektir.<\/p>\n<p>23. Faaliyeti Duran \u0130\u015fletmeler Kira \u00d6demeye Devam Edecek Midir? Bu madde kapsam\u0131na giren ve faaliyetleri duran i\u015fletmeler bak\u0131m\u0131ndan ise faaliyette bulunulmad\u0131\u011f\u0131 d\u00f6neme ili\u015fkin kira bedelinin tahsil edilmemesine karar verilmi\u015ftir.<\/p>\n<p><strong>17.04.2020 Tarihi \u0130tibari \u0130le Ertelenen Alacaklara \u0130li\u015fkin D\u00fczenlemeler<\/strong><\/p>\n<p>24. Faaliyette Bulunmayan \u0130\u015fyerlerinin Faturalar\u0131na \u0130li\u015fin Bir Erteleme Yap\u0131lm\u0131\u015f M\u0131d\u0131r? B\u00fcy\u00fck\u015fehir belediyeleri, belediyeler ve ba\u011fl\u0131 kurulu\u015flar\u0131n\u0131n konutlara ve faaliyetleri durdurulan veya faaliyette bulunamayan i\u015fyerlerine ili\u015fkin su t\u00fcketimine ba\u011fl\u0131 alacaklar\u0131 17.04.2020 tarihinden itibaren 3 ayl\u0131k d\u00f6neme ili\u015fkin tahsil edilmesi gerekenlerle s\u0131n\u0131rl\u0131 olmak \u00fczere belediye meclisi taraf\u0131ndan 3 ay ertelenebilece\u011fi d\u00fczenlenmi\u015ftir.<\/p>\n<p>25. Ertelenen Su Faturalar\u0131 Daha Sonra Nas\u0131l \u00d6denecektir? Bu alacaklar ertelenen s\u00fcre sonunda, ertelenen s\u00fcre kadar ayl\u0131k e\u015fit taksitler halinde, herhangi bir gecikme zamm\u0131 ve faiz uygulanmadan tahsil edilecektir.<\/p>\n<p>26. Belediyelerden \u0130zin, Ruhsat yahut Hat Kiralamak Suretiyle \u00c7al\u0131\u015fan \u00d6zel ve T\u00fczel Ki\u015filere \u0130li\u015fkin D\u00fczenle Yap\u0131lm\u0131\u015f M\u0131d\u0131r? B\u00fcy\u00fck\u015fehir belediyeleri ile belediyeler, kendisinden izin veya ruhsat almak ya da hat kiralamak suretiyle \u00e7al\u0131\u015fan ger\u00e7ek ve t\u00fczel ki\u015filere, toplu ta\u015f\u0131ma hizmetinin kesintisiz olarak y\u00fcr\u00fct\u00fclebilmesiyle s\u0131n\u0131rl\u0131 olacak \u015fekilde 17.04.2020 tarihten itibaren 3 ayl\u0131k s\u00fcreyle s\u0131n\u0131rl\u0131 olmak \u00fczere meclis karar\u0131yla; gelir deste\u011fi \u00f6demesi yapabilecek, belirlenen d\u00f6neme tekab\u00fcl eden ruhsat, izin, hat kiras\u0131 bor\u00e7lar\u0131n\u0131 faizsiz olarak 3 ay erteleyebilecektir.<\/p>\n<p>27. Ertelenen Bu Kira Bedelleri Daha Sonra Nas\u0131l \u00d6denecektir? Ruhsat, izin, hat kiras\u0131 bor\u00e7lar\u0131 ertelenen s\u00fcre sonunda, ertelenen s\u00fcre kadar ayl\u0131k e\u015fit taksitler halinde, herhangi bir gecikme zamm\u0131 ve faiz uygulanmadan tahsil edilir.<\/p>\n<p>28. \u00d6\u011frenim Kredisi Bor\u00e7lar\u0131na \u0130li\u015fkin Bir Erteleme Yap\u0131lm\u0131\u015f M\u0131d\u0131r? 351 say\u0131l\u0131 Y\u00fcksek \u00d6\u011frenim Kredi ve Yurt Hizmetleri Kanununun 16 nc\u0131 maddesi kapsam\u0131ndaki \u00f6\u011frenim kredisi bor\u00e7lar\u0131, 17.04.2020 tarihinden itibaren 3 ayl\u0131k d\u00f6neme ili\u015fkin tahsil edilmesi gerekenlerle s\u0131n\u0131rl\u0131 olmak \u00fczere, ba\u015fvuru \u015fart\u0131 aranmaks\u0131z\u0131n 3 ay s\u00fcreyle ertelenir.<\/p>\n<p>29. DF\u0130F Kaynakl\u0131 Kredi Bor\u00e7lar\u0131 Hakk\u0131nda Bir Erteleme Yap\u0131lm\u0131\u015f M\u0131d\u0131r? Tar\u0131m sat\u0131\u015f kooperatifleri birliklerinin yeniden yap\u0131land\u0131r\u0131lan Destekleme ve Fiyat \u0130stikrar Fonu (DF\u0130F) kaynakl\u0131 kredi bor\u00e7lar\u0131 y\u0131lda bir taksit olmak \u00fczere \u00f6denen 2020 y\u0131l\u0131na ait bor\u00e7 taksit \u00f6demesi, faizsiz olarak 2021 y\u0131l\u0131na ertelenmi\u015f, 2021 y\u0131l\u0131 d\u00e2hil daha sonraki y\u0131llarda \u00f6denecek taksit tutarlar\u0131 da faizsiz olarak birer y\u0131l ertelenmi\u015ftir.<\/p>\n<p><strong>\u0130\u015fletmelerin Vergi Bor\u00e7lar\u0131na \u0130li\u015fkin D\u00fczenlemeler<\/strong><\/p>\n<p>30. \u0130\u015fletmelere Y\u00f6nelik Vergi \u0130stisnas\u0131 Getirilmi\u015f Midir? Faaliyetleri durdurulan veya faaliyette bulunamayan i\u015fletmelerin y\u0131ll\u0131k ilan ve reklam vergileri ile y\u0131ll\u0131k \u00e7evre temizlik vergilerinin, faaliyetleri durdurulan veya faaliyette bulunulamayan d\u00f6nemlere isabet eden k\u0131sm\u0131 al\u0131nmayacakt\u0131r.<\/p>\n<p><strong>Derneklere \u0130li\u015fkin D\u00fczenlemeler<\/strong><\/p>\n<p>31. Derneklerin Genel Kurul Toplant\u0131lar\u0131na \u0130li\u015fkin Bir Erteleme Yap\u0131lm\u0131\u015f M\u0131d\u0131r? Dernekler Kanunu ve T\u00fcrk Medeni Kanununa g\u00f6re dernekler taraf\u0131ndan verilecek bildirim ve beyannameler ile dernek genel kurul toplant\u0131lar\u0131 31.07.2020 tarihine kadar ertelenmi\u015ftir. Ertelenen genel kurul toplant\u0131lar\u0131, ertelemenin sona erdi\u011fi tarihten itibaren 30 g\u00fcn i\u00e7inde yap\u0131lacakt\u0131r.<\/p>\n<p>32. Mevcut Organlar\u0131n Yetkileri Bu S\u00fcre \u0130\u00e7erisinde Ne Olacakt\u0131r? Mevcut organlar\u0131n g\u00f6rev, yetki ve sorumluluklar\u0131 erteleme s\u00fcresi sonras\u0131nda yap\u0131lacak ilk genel kurula kadar devam edecektir.<\/p>","protected":false},"excerpt":{"rendered":"<p>Bilindi\u011fi \u00fczere \u00c7in Halk Cumhuriyeti\u2019nde ba\u015flayarak \u00e7ok say\u0131da \u00fclkeye yay\u0131lan COVID-19 salg\u0131n hastal\u0131\u011f\u0131n\u0131n yay\u0131lmas\u0131n\u0131n \u00f6nlenmesi amac\u0131yla \u00fclkemizde de bir\u00e7ok ola\u011fan\u00fcst\u00fc \u00f6nlem al\u0131nm\u0131\u015ft\u0131r. 17.04.2020 tarihinde resmi gazete yay\u0131mlanarak y\u00fcr\u00fcrl\u00fc\u011fe giren de\u011fi\u015fikliklerle birlikte korona vir\u00fcs\u00fcn\u00fcn \u00fclkemize vermi\u015f oldu\u011fu ve verece\u011fi zararlar giderilmeye \u00e7al\u0131\u015f\u0131lm\u0131\u015f, bu kapsamda bir tak\u0131m kanunlarda de\u011fi\u015fiklikler yap\u0131lm\u0131\u015ft\u0131r. \u0130\u015fbu bilgi notumuzda i\u015f s\u00f6zle\u015fmesinin feshedilmemesi, i\u015fsizlik [&hellip;]<\/p>","protected":false},"author":1,"featured_media":7997,"comment_status":"closed","ping_status":"open","sticky":false,"template":"","format":"standard","meta":{"footnotes":""},"categories":[9],"tags":[],"class_list":["post-8448","post","type-post","status-publish","format-standard","has-post-thumbnail","hentry","category-genel-hukuk"],"_links":{"self":[{"href":"https:\/\/www.eyuboglubuyukatak.av.tr\/en\/wp-json\/wp\/v2\/posts\/8448","targetHints":{"allow":["GET"]}}],"collection":[{"href":"https:\/\/www.eyuboglubuyukatak.av.tr\/en\/wp-json\/wp\/v2\/posts"}],"about":[{"href":"https:\/\/www.eyuboglubuyukatak.av.tr\/en\/wp-json\/wp\/v2\/types\/post"}],"author":[{"embeddable":true,"href":"https:\/\/www.eyuboglubuyukatak.av.tr\/en\/wp-json\/wp\/v2\/users\/1"}],"replies":[{"embeddable":true,"href":"https:\/\/www.eyuboglubuyukatak.av.tr\/en\/wp-json\/wp\/v2\/comments?post=8448"}],"version-history":[{"count":0,"href":"https:\/\/www.eyuboglubuyukatak.av.tr\/en\/wp-json\/wp\/v2\/posts\/8448\/revisions"}],"wp:featuredmedia":[{"embeddable":true,"href":"https:\/\/www.eyuboglubuyukatak.av.tr\/en\/wp-json\/wp\/v2\/media\/7997"}],"wp:attachment":[{"href":"https:\/\/www.eyuboglubuyukatak.av.tr\/en\/wp-json\/wp\/v2\/media?parent=8448"}],"wp:term":[{"taxonomy":"category","embeddable":true,"href":"https:\/\/www.eyuboglubuyukatak.av.tr\/en\/wp-json\/wp\/v2\/categories?post=8448"},{"taxonomy":"post_tag","embeddable":true,"href":"https:\/\/www.eyuboglubuyukatak.av.tr\/en\/wp-json\/wp\/v2\/tags?post=8448"}],"curies":[{"name":"wp","href":"https:\/\/api.w.org\/{rel}","templated":true}]}}