{"id":8436,"date":"2021-03-16T20:09:13","date_gmt":"2021-03-16T20:09:13","guid":{"rendered":"http:\/\/www.eyuboglubuyukatak.av.tr\/?p=8436"},"modified":"2023-12-12T16:56:37","modified_gmt":"2023-12-12T13:56:37","slug":"kisisel-verileri-koruma-kurumunun-covid-19-kapsaminda-yapmis-oldugu-27-mart-2020-tarihli-kamuoyu-duyurusu","status":"publish","type":"post","link":"https:\/\/www.eyuboglubuyukatak.av.tr\/en\/kisisel-verileri-koruma-kurumunun-covid-19-kapsaminda-yapmis-oldugu-27-mart-2020-tarihli-kamuoyu-duyurusu\/","title":{"rendered":"Ki\u015fisel Verileri Koruma Kurumu\u2019nun COVID-19 Kapsam\u0131nda Yapm\u0131\u015f Oldu\u011fu 27 Mart 2020 Tarihli Kamuoyu Duyurusu"},"content":{"rendered":"<p>T\u00fcm d\u00fcnyada etkisini g\u00f6stermekte olan COVID19 vir\u00fcs salg\u0131n\u0131n\u0131n yay\u0131lmas\u0131n\u0131n \u00f6nlenmesi amac\u0131yla al\u0131nan tedbirler do\u011frultusunda i\u015fverenler ba\u015fta olmak \u00fczere bir\u00e7ok veri sorumlusu, 6698 say\u0131l\u0131 Ki\u015fisel Verileri Koruma Kanunu\u2019nda (\u2018\u2019Kanun\u2019\u2019) nitelendirilmi\u015f olan \u00f6zel nitelikli ve di\u011fer bir\u00e7ok ki\u015fisel veri i\u015flemektedir. Buna g\u00f6re Ki\u015fisel Verileri Koruma Kurumu (\u201cKurum\u201d) bu s\u00fcre\u00e7te a\u015fa\u011f\u0131daki noktalara dikkat \u00e7ekmi\u015ftir.<\/p>\n<p><strong>Salg\u0131n\u0131n \u00d6nlenmesi Amac\u0131yla \u0130\u015f\u00e7ilerden Elde Edilecek Veriler<\/strong><\/p>\n<p>Salg\u0131n\u0131n yay\u0131lmas\u0131n\u0131n \u00f6nlenmesi amac\u0131yla al\u0131nacak tedbirler do\u011frultusunda elde edilecek \u00f6zel ve\/veya di\u011fer nitelikli ki\u015fisel veriler, ger\u00e7ekle\u015ftirilmek istenen ama\u00e7la uygun olmal\u0131d\u0131r ve amac\u0131n ger\u00e7ekle\u015ftirilmesi do\u011frultusunda olabildi\u011fince az veri elde edilmeye \u00e7al\u0131\u015f\u0131lmal\u0131d\u0131r. Somut bir \u00f6rnek verilecek olursa,<\/p>\n<p>\u201c\u0130\u015f\u00e7inin yurtd\u0131\u015f\u0131na ne zaman \u00e7\u0131kt\u0131\u011f\u0131, yak\u0131n zamanda COVID-19 kapsam\u0131nda belirtiler g\u00f6sterip g\u00f6stermedi\u011fi ya da vir\u00fcse kar\u015f\u0131 risk grubunda olabilecek \u015fekilde kronik bir rahats\u0131zl\u0131\u011f\u0131 olup olmad\u0131\u011f\u0131 sorular\u0131 al\u0131nacak tedbirler kapsam\u0131nda sorulabilecek \u00f6l\u00e7\u00fcl\u00fc sorulard\u0131r.\u201d<\/p>\n<p>Salg\u0131n\u0131n \u00f6nlenmesi ve etkilenecek ki\u015filerin azalt\u0131lmas\u0131 amac\u0131yla s\u00f6z konusu s\u00fcrecin bir sa\u011fl\u0131k \u00e7al\u0131\u015fan\u0131\/i\u015f yeri hekimi taraf\u0131ndan y\u00fcr\u00fct\u00fclmesi gerekmektedir.<\/p>\n<p><strong>Vir\u00fcsten Etkilenmi\u015f\/ Etkilenme \u0130htimali Olan \u0130\u015f\u00e7inin Di\u011fer \u0130\u015f\u00e7ilere Duyurulmas\u0131<\/strong><\/p>\n<p>\u0130\u015fveren, ilgili mevzuatlardan kaynakl\u0131 olarak i\u015f yerinde i\u015f\u00e7ilerinin sa\u011fl\u0131\u011f\u0131n\u0131 korumakla y\u00fck\u00fcml\u00fcd\u00fcr. Bu kapsamda i\u015f\u00e7inin verilerinin di\u011fer i\u015f\u00e7ilerle payla\u015f\u0131lmas\u0131 kapsam\u0131nda somut bir \u00f6rnek verilecek olursa,<\/p>\n<p>\u2018\u2019COVID-19 tespit edilen veya \u015f\u00fcphesi bulunan \u00e7al\u0131\u015fan\u0131n direkt olarak ad\u0131n\u0131n if\u015fa edilmesindense, i\u015f yerinde birinin vir\u00fcsten etkilendi\u011fi yeterli olacaksa sadece bu kadar bilgi payla\u015f\u0131lmal\u0131d\u0131r. Ki\u015finin ileti\u015fime ge\u00e7mi\u015f olabilece\u011fi di\u011fer ki\u015filerin belirlenmesi ad\u0131na \u00e7al\u0131\u015ft\u0131\u011f\u0131 departman\u0131n ya da bulundu\u011fu yerin\/kat\u0131n payla\u015f\u0131lmas\u0131 salg\u0131n\u0131n yay\u0131lmas\u0131n\u0131n \u00f6nlenmesi a\u00e7\u0131s\u0131ndan da \u00f6l\u00e7\u00fcl\u00fc bir payla\u015f\u0131m olacakt\u0131r. Sonu\u00e7 olarak buradaki ama\u00e7 kimin vir\u00fcsten etkilendi\u011fi de\u011fil, vir\u00fcsten etkilenen biri oldu\u011funun tespiti sonucunda kamu sa\u011fl\u0131\u011f\u0131n\u0131n korunmas\u0131d\u0131r.\u2019\u2019<\/p>\n<p><strong>Vir\u00fcsten Etkilenmi\u015f\/ Etkilenme \u0130htimali Olan \u0130\u015f\u00e7inin Verilerinin \u0130lgili Kamu Kurum veya Kurulu\u015flarla Payla\u015f\u0131lmas\u0131<\/strong><\/p>\n<p>Kamu sa\u011fl\u0131\u011f\u0131n\u0131n korunmas\u0131 ad\u0131na gerek Sa\u011fl\u0131k Bakanl\u0131\u011f\u0131 gerekse de di\u011fer ilgili kurum ve kurulu\u015flar taraf\u0131ndan verilen talimatlar do\u011frultusunda hareket ederken Kanun\u2019un 6. maddesinde say\u0131lan istisnalardan biri olan \u2018\u2019\u2026sa\u011fl\u0131k ve cinsel hayata ili\u015fkin ki\u015fisel verilerin ise ancak kamu sa\u011fl\u0131\u011f\u0131n\u0131n korunmas\u0131\u2026\u2019\u2019 amac\u0131 do\u011frultusunda \u00f6zel nitelikli ki\u015fisel verilerin i\u015flenmesi i\u00e7in a\u00e7\u0131k r\u0131za al\u0131nmas\u0131 gerekmemektedir. Hat\u0131rlatmakta fayda g\u00f6rmekteyiz ki her ne kadar a\u00e7\u0131k r\u0131za al\u0131nmas\u0131 gerekmese de veri sorumlusu i\u015fveren taraf\u0131ndan i\u015f\u00e7inin veri i\u015fleme s\u00fcrecine ili\u015fkin olarak ayd\u0131nlat\u0131lmas\u0131 gerekmektedir.<\/p>\n<p><strong>Bir Tedbir Olarak Evden \u00c7al\u0131\u015fma Durumu<\/strong><\/p>\n<p>Evden \u00e7al\u0131\u015fma durumunda \u00f6nemli olan, veri sorumlusu i\u015fveren taraf\u0131ndan veri g\u00fcvenli\u011finin sa\u011flanmas\u0131d\u0131r. Somut bir \u00f6rnekle a\u00e7\u0131klanacak olursa,<\/p>\n<p>\u201cKanun kapsam\u0131nda bir tedbir olarak USB giri\u015flerinin kapat\u0131lmas\u0131yla birlikte i\u015fverenler taraf\u0131ndan \u015firket b\u00fcnyesinde ortak bir sistem olu\u015fturulup i\u015f\u00e7ilerin i\u015f faaliyetlerine ili\u015fkin bilgi veya belgelere buradan eri\u015fmesine imk\u00e2n sa\u011flanm\u0131\u015f olabilir. Bu halde evden \u00e7al\u0131\u015fmayla birlikte ilgili alan\u0131n kullan\u0131m yo\u011funlu\u011funa ba\u011fl\u0131 olarak olu\u015fabilecek veri s\u0131z\u0131nt\u0131s\u0131n\u0131n ve manip\u00fclasyonun \u00f6nlenmesi amac\u0131yla gerekli g\u00fcvenlik \u00f6nlemleri al\u0131nmal\u0131d\u0131r.\u2019\u2019<\/p>\n<p><strong>Ki\u015fisel Verileri Koruma Kurumu\u2019nun Bak\u0131\u015f A\u00e7\u0131s\u0131<\/strong><\/p>\n<p>Kurum taraf\u0131ndan yukar\u0131da say\u0131l\u0131 noktalar a\u00e7\u0131kl\u0131\u011fa kavu\u015fturulmu\u015f ve i\u00e7inde bulundu\u011fumuz durumun \u2018\u2019kamu sa\u011fl\u0131\u011f\u0131, kamu g\u00fcvenli\u011fi\u2019\u2019 kapsam\u0131nda oldu\u011fu, bu sebeple Kanun\u2019un Uygulanmayaca\u011f\u0131 \u0130stisnai Haller ba\u015fl\u0131kl\u0131 28. maddesinin 1. f\u0131kras\u0131n\u0131n \u00c7 bendi kapsam\u0131nda oldu\u011fu belirtilmi\u015ftir.<\/p>\n<p>\u00d6zetle, Kurum\u2019a g\u00f6re Sa\u011fl\u0131k Bakanl\u0131\u011f\u0131 ve di\u011fer ilgili kurum ve kurulu\u015flar taraf\u0131ndan al\u0131nan tedbirler kamu sa\u011fl\u0131\u011f\u0131 ve kamu g\u00fcvenli\u011finin korunmas\u0131 a\u00e7\u0131s\u0131ndan Kanun\u2019un uygulanmayaca\u011f\u0131 istisnai hallerdendir.<\/p>","protected":false},"excerpt":{"rendered":"<p>T\u00fcm d\u00fcnyada etkisini g\u00f6stermekte olan COVID19 vir\u00fcs salg\u0131n\u0131n\u0131n yay\u0131lmas\u0131n\u0131n \u00f6nlenmesi amac\u0131yla al\u0131nan tedbirler do\u011frultusunda i\u015fverenler ba\u015fta olmak \u00fczere bir\u00e7ok veri sorumlusu, 6698 say\u0131l\u0131 Ki\u015fisel Verileri Koruma Kanunu\u2019nda (\u2018\u2019Kanun\u2019\u2019) nitelendirilmi\u015f olan \u00f6zel nitelikli ve di\u011fer bir\u00e7ok ki\u015fisel veri i\u015flemektedir. Buna g\u00f6re Ki\u015fisel Verileri Koruma Kurumu (\u201cKurum\u201d) bu s\u00fcre\u00e7te a\u015fa\u011f\u0131daki noktalara dikkat \u00e7ekmi\u015ftir. Salg\u0131n\u0131n \u00d6nlenmesi Amac\u0131yla \u0130\u015f\u00e7ilerden [&hellip;]<\/p>","protected":false},"author":1,"featured_media":7997,"comment_status":"closed","ping_status":"open","sticky":false,"template":"","format":"standard","meta":{"footnotes":""},"categories":[9],"tags":[],"class_list":["post-8436","post","type-post","status-publish","format-standard","has-post-thumbnail","hentry","category-genel-hukuk"],"_links":{"self":[{"href":"https:\/\/www.eyuboglubuyukatak.av.tr\/en\/wp-json\/wp\/v2\/posts\/8436","targetHints":{"allow":["GET"]}}],"collection":[{"href":"https:\/\/www.eyuboglubuyukatak.av.tr\/en\/wp-json\/wp\/v2\/posts"}],"about":[{"href":"https:\/\/www.eyuboglubuyukatak.av.tr\/en\/wp-json\/wp\/v2\/types\/post"}],"author":[{"embeddable":true,"href":"https:\/\/www.eyuboglubuyukatak.av.tr\/en\/wp-json\/wp\/v2\/users\/1"}],"replies":[{"embeddable":true,"href":"https:\/\/www.eyuboglubuyukatak.av.tr\/en\/wp-json\/wp\/v2\/comments?post=8436"}],"version-history":[{"count":0,"href":"https:\/\/www.eyuboglubuyukatak.av.tr\/en\/wp-json\/wp\/v2\/posts\/8436\/revisions"}],"wp:featuredmedia":[{"embeddable":true,"href":"https:\/\/www.eyuboglubuyukatak.av.tr\/en\/wp-json\/wp\/v2\/media\/7997"}],"wp:attachment":[{"href":"https:\/\/www.eyuboglubuyukatak.av.tr\/en\/wp-json\/wp\/v2\/media?parent=8436"}],"wp:term":[{"taxonomy":"category","embeddable":true,"href":"https:\/\/www.eyuboglubuyukatak.av.tr\/en\/wp-json\/wp\/v2\/categories?post=8436"},{"taxonomy":"post_tag","embeddable":true,"href":"https:\/\/www.eyuboglubuyukatak.av.tr\/en\/wp-json\/wp\/v2\/tags?post=8436"}],"curies":[{"name":"wp","href":"https:\/\/api.w.org\/{rel}","templated":true}]}}