{"id":8430,"date":"2021-03-16T20:04:28","date_gmt":"2021-03-16T20:04:28","guid":{"rendered":"http:\/\/www.eyuboglubuyukatak.av.tr\/?p=8430"},"modified":"2023-12-12T16:56:37","modified_gmt":"2023-12-12T13:56:37","slug":"sap-sureclerinde-kisisel-verilerin-korunmasi-kanunu","status":"publish","type":"post","link":"https:\/\/www.eyuboglubuyukatak.av.tr\/en\/sap-sureclerinde-kisisel-verilerin-korunmasi-kanunu\/","title":{"rendered":"SAP S\u00fcre\u00e7lerinde Ki\u015fisel Verilerin Korunmas\u0131 Kanunu"},"content":{"rendered":"<p><strong>A. SAP NED\u0130R?<\/strong><\/p>\n<p>System Analysis and Program Development (\u201cSAP\u201d) bir\u00e7ok ki\u015finin g\u00fcnl\u00fck s\u0131kl\u0131kla duydu\u011fu bir i\u015f yaz\u0131l\u0131m sa\u011flay\u0131c\u0131d\u0131r. Merkezi Almanya\u2019da bulunan \u015firket, h\u00e2lihaz\u0131rda Avrupa\u2019n\u0131n en b\u00fcy\u00fck yaz\u0131l\u0131m \u015firketi olup 1972 y\u0131l\u0131nda 5 eski IBM \u00e7al\u0131\u015fan\u0131 taraf\u0131ndan kurulmu\u015ftur. G\u00fcn\u00fcm\u00fczde 120 \u00fclkede aktif olarak faaliyet g\u00f6steren SAP, T\u00fcrkiye\u2019de de bir\u00e7ok kurumsal \u015firketin \u00e7\u00f6z\u00fcm ortakl\u0131\u011f\u0131n\u0131 yapmakta ve bu konuda hizmet vermektedir. \u00d6zellikle \u015firketlerin bilgi i\u015flem birimleri ile entegre bir \u015fekilde \u00e7al\u0131\u015fan SAP sa\u011flad\u0131\u011f\u0131 i\u015f yaz\u0131l\u0131m entegre s\u00fcre\u00e7leri ile bir\u00e7ok \u015firketin tercih edilme sebebidir.<\/p>\n<p>SAP temel anlamda \u00e7\u00f6z\u00fcm geli\u015ftirece\u011fi \u015firketin temel yap\u0131s\u0131 ile ana faaliyet konusunu baz alarak buna ili\u015fkin \u00e7\u00f6z\u00fcm yani yaz\u0131l\u0131m \u00fcretmektedir. Bu anlamda SAP\u2019nin faaliyet alan\u0131 olduk\u00e7a geni\u015f olup \u00f6rne\u011fin B2B (Business to Business) veya B2C (Business to Consumer) sat\u0131\u015f yapan bir \u015firketin bu sat\u0131\u015flar\u0131na ili\u015fkin; sat\u0131lan \u00fcr\u00fcn say\u0131s\u0131, \u00fcr\u00fcnlerin stok takibi, \u00fcretim veya sat\u0131\u015f zincirinde \u00e7al\u0131\u015fan personel takip s\u00fcre\u00e7lerini bilgisayar ortam\u0131na d\u00f6kerek bu s\u00fcre\u00e7lerin tek bir altyap\u0131da kontroll\u00fc bir \u015fekilde ilerlemesini sa\u011flamaktad\u0131r. G\u00fcn\u00fcm\u00fczde de en \u00e7ok tercih edilen SAP mod\u00fclleri; \u0130\u015f Zekas\u0131 (BI), Tedarik Zincir Y\u00f6netimi (SCM) ve M\u00fc\u015fteri \u0130li\u015fkileri Y\u00f6netimi (CRM) mod\u00fclleridir.<\/p>\n<p>Yukar\u0131da da bahsedildi\u011fi \u00fczere SAP mod\u00fclleri, temelde veri i\u015fleme amac\u0131 i\u00e7in kullan\u0131lmaktad\u0131r. \u00d6zellikli tercih edilen mod\u00fcl\u00fcn ana faaliyet konusunun ger\u00e7ek ki\u015filere ili\u015fkin tan\u0131mlanabilir veri olmas\u0131 durumunda, ilgili s\u00fcre\u00e7te ki\u015fisel verilerin i\u015flenmesi s\u00f6z konusu olabilmektedir. 6698 Say\u0131l\u0131 Ki\u015fisel Verilerin Korunmas\u0131 Kanunu (\u201cKanun\u201d) uyar\u0131nca ilgili s\u00fcre\u00e7lerin Kanuna uyumlu bir \u015fekilde ilerlemesi b\u00fcy\u00fck \u00f6nem arz etmektedir. S\u00fcre\u00e7ler esnas\u0131nda kar\u015f\u0131m\u0131za \u00e7\u0131kabilecek ba\u015fl\u0131ca konular \u015fu \u015fekildedir;<\/p>\n<p><strong>B.Temel \u0130lkeler Uyar\u0131nca Veri \u0130\u015fleme<\/strong><\/p>\n<p>SAP\u2019nin \u015firketlerin i\u015f s\u00fcre\u00e7lerine g\u00f6re geli\u015ftirmi\u015f oldu\u011fu mod\u00fcl ekranlar\u0131, ilgili ki\u015finin ki\u015fisel verisinin i\u015flendi\u011fi s\u00fcre\u00e7lerin temelini olu\u015fturmaktad\u0131r. Buna g\u00f6re \u00f6rne\u011fin, personel m\u00fcd\u00fcrl\u00fc\u011f\u00fc ve bordrolama biriminin \u015firket b\u00fcnyesinde \u00e7al\u0131\u015fmaya ba\u015flayan bir personelin \u00f6zl\u00fck bilgilerini SAP taraf\u0131ndan alt yap\u0131s\u0131 olu\u015fturulan bir ekrana girilmesi, ki\u015fisel veri i\u015fleme faaliyetini olu\u015fturmaktad\u0131r. Verilerin bu \u015fekilde i\u015flenmesi ile ilgili dikkat edilmesi gereken birka\u00e7 hususu bulunmaktad\u0131r.<\/p>\n<p>\u00d6ncelikle veri i\u015fleme faaliyetinin genel veri i\u015fleme ilke ve prensiplerine uygun olmas\u0131 gerekmektedir. Buna g\u00f6re Kanun\u2019un 4. Maddesinde detayl\u0131 bir \u015fekilde d\u00fczenlenen genel ilkeler \u0131\u015f\u0131\u011f\u0131nda, ilgili ekranlara girilecek olan ki\u015fisel verilerin \u00f6ncelikle ilgili mod\u00fcl\u00fcn amac\u0131na ba\u011fl\u0131 olarak s\u0131n\u0131rl\u0131 ve \u00f6l\u00e7\u00fcl\u00fc olmas\u0131 gerekmektedir. Daha a\u00e7\u0131k bir ifade ile ekranlara girilen ki\u015fisel veri kategorilerinin dikkatli bir \u015fekilde se\u00e7ilmesi gerekmekte ve s\u00fcre\u00e7 a\u00e7\u0131s\u0131ndan yaln\u0131zca gerekli olan verilerin ekrana girilmesi gerekmektedir. Somutla\u015ft\u0131rmak gerekirse, \u00f6zl\u00fck bilgileri ekran\u0131na ki\u015fisel verisi i\u015flenen bir \u00e7al\u0131\u015fan ile ilgili olarak ilgili mod\u00fclde \u201ce\u015finin \u00e7al\u0131\u015ft\u0131\u011f\u0131 kurum unvan\u0131\u201d \u015feklinde bir veri kategorisi a\u00e7mak, bu s\u0131n\u0131r\u0131n a\u015f\u0131lmas\u0131na sebebiyet vermektedir. Bilindi\u011fi \u00fczere \u00e7al\u0131\u015fan nezdinde sahip olunan Asgari Ge\u00e7im \u0130ndirimi kapsam\u0131nda personelin e\u015finin i\u015f durumuna ili\u015fkin verinin i\u015flenmesinin temel bir dayana\u011f\u0131 her ne kadar mevcut ise de e\u015fin \u00e7al\u0131\u015ft\u0131\u011f\u0131 kurum bilgisinin i\u015flenmesinin bu a\u015famada bir \u00f6nemi ve daha \u00f6nemlisi gere\u011fi bulunmamaktad\u0131r.<\/p>\n<p>Bu anlamda dikkat edilmesi gereken bir di\u011fer husus, ayn\u0131 ekranlara hem genel nitelikli hem de \u00f6zel nitelikli ki\u015fisel verilerin alelade girilmemesi gerekti\u011fidir. \u00d6zellikle farkl\u0131 i\u015fleme ve koruma s\u00fcre\u00e7lerine tabi olan \u00f6zel nitelikli ki\u015fisel verilerin genel nitelikli ki\u015fisel veriler ile ayn\u0131 ekranlara girilmesi bu anlamda Kanunu\u2019na ayk\u0131r\u0131l\u0131k te\u015fkil edebilecektir. Yine somutla\u015ft\u0131rmam\u0131z gerekirse; mavi yaka personelin \u00f6zl\u00fck bilgilerinin girildi\u011fi mod\u00fcl ekran\u0131na ayn\u0131 zamanda bu personele ili\u015fkin; sa\u011fl\u0131k raporu, periyodik sa\u011fl\u0131k taramas\u0131 sonu\u00e7lar\u0131, akci\u011fer film sonu\u00e7lar\u0131 gibi sa\u011fl\u0131k verilerinin girilmesi ve bu ekran\u0131n genel nitelikteki \u00f6zl\u00fck verileri ile ayn\u0131 eri\u015fim ve korumaya tabi olmas\u0131 ayk\u0131r\u0131l\u0131\u011fa sebebiyet verecektir.<\/p>\n<p>Son olarak madde 4 uyar\u0131nca mod\u00fcl ekranlar\u0131na girilen ki\u015fisel verilerin do\u011fru ve g\u00fcncel olmas\u0131 ve i\u015flendi\u011fi ama\u00e7 ile makul bir s\u00fcre a\u00e7\u0131s\u0131ndan sistemde tutulmas\u0131 da dikkat edilmesi gereken bir di\u011fer husustur. Genel anlamda \u015funu da ifade etmekte fayda var; Kanun uyar\u0131nca i\u015flenmesi a\u00e7\u0131k r\u0131zaya ba\u011fl\u0131 veri i\u015fleme faaliyetlerinde SAP a\u00e7\u0131k r\u0131zaya entegre veri i\u015fleme mod\u00fcl\u00fc geli\u015ftirerek ilgili s\u00fcre\u00e7 a\u00e7\u0131s\u0131ndan yaln\u0131zca a\u00e7\u0131k r\u0131za veren ilgili ki\u015finin ki\u015fisel verisini sisteme kaydetmektedir. Bu \u015fekilde mevcut s\u00fcre\u00e7lerin do\u011fru bir \u015fekilde ilerlemesi i\u00e7in, s\u00fcre\u00e7ler a\u00e7\u0131s\u0131ndan a\u00e7\u0131k r\u0131za \u015fart\u0131n\u0131n do\u011fru tahlil edilmesi olduk\u00e7a \u00f6nemlidir. K\u0131saca toparlamak gerekirse, SAP ekranlar\u0131na ili\u015fkin Kanun a\u00e7\u0131s\u0131ndan \u00f6ncelikli de\u011ferlendirme yaparken;<\/p>\n<p>&#8211; Mod\u00fcl ekranlar\u0131nda yer alan ki\u015fisel veri kategorilerini, ilgili mod\u00fcl s\u00fcreci kapsam\u0131nda Kanun\u2019un 4. Maddesi uyar\u0131nca analiz etmek,<br \/>\n&#8211; \u00d6zeli nitelikli ki\u015fisel veri ve genel nitelikli ki\u015fisel veri ayr\u0131m\u0131n\u0131 dikkatli bir \u015fekilde yaparak buna ili\u015fkin ekranlar\u0131 revize etmek,<br \/>\n&#8211; Ekranlarda yer alan ki\u015fisel verilere ili\u015fkin eri\u015fim ve yetki matrisine y\u00f6nelik \u00e7al\u0131\u015fmalara ba\u015flatmak,<br \/>\n&#8211; Kanun kapsam\u0131nda a\u00e7\u0131k r\u0131zaya tabi veya ticari elektronik ileti onay\u0131na ili\u015fkin s\u00fcre\u00e7ler a\u00e7\u0131s\u0131ndan dikkatli bir ayr\u0131ma gitmek<\/p>\n<p>ba\u015fl\u0131ca al\u0131nabilecek \u00f6nlemlerin ba\u015f\u0131nda gelmektedir.<\/p>\n<p><strong>C.Ki\u015fisel Verilerin Aktar\u0131lmas\u0131<\/strong><\/p>\n<p>SAP s\u00fcre\u00e7leri a\u00e7\u0131s\u0131ndan tart\u0131\u015fmal\u0131 hususlar\u0131n ba\u015f\u0131nda, \u015firket nezdinde halihaz\u0131rda i\u015flenmi\u015f ve i\u015flenecek olan ki\u015fisel verilerin aktar\u0131m\u0131na konu s\u00fcre\u00e7lerin d\u00fczenlenmesidir. Bu noktada farkl\u0131 senaryolar kar\u015f\u0131mza \u00e7\u0131kabilir;<\/p>\n<p>a. \u015eirketin Kendi Sunucunda Verileri Tutmas\u0131<\/p>\n<p>Bir tak\u0131m \u015firketler, T\u00fcrkiye\u2019de bulunan merkezlerinde server odalar\u0131 kurarak kendi veri merkezlerini olu\u015fturmakta ve \u015firket kapsam\u0131nda i\u015flenen b\u00fct\u00fcn ki\u015fisel verileri bu serverda tutmaktad\u0131r. \u0130\u015fte SAP s\u00fcre\u00e7leri i\u00e7erisinde i\u015flenen ki\u015fisel verileri bu \u015fekilde kendi server merkezinde tutan \u015firketler a\u00e7\u0131s\u0131ndan, veri i\u015fleme s\u00fcre\u00e7lerine \u00f6zg\u00fc di\u011fer aktar\u0131m ihtimalleri sakl\u0131 kalmak kayd\u0131 ile herhangi bir veri aktar\u0131m\u0131 s\u00f6z konusu olmamaktad\u0131r. Bu nedenle SAP s\u00fcre\u00e7lerinin de\u011ferlendirilmesi noktas\u0131nda veri aktar\u0131m\u0131na ili\u015fkin Kanun\u2019un \u00f6ng\u00f6rd\u00fc\u011f\u00fc y\u00fck\u00fcml\u00fcl\u00fckler konu d\u0131\u015f\u0131 kalmaktad\u0131r.<\/p>\n<p>b. Verilerin Yurt D\u0131\u015f\u0131na Aktar\u0131lmas\u0131<\/p>\n<p>Yukar\u0131da da belirtildi\u011fi \u00fczere SAP\u2019nin merkezi Almanya\u2019da bulunmaktad\u0131r. \u015eirketin yapm\u0131\u015f oldu\u011fu \u00e7al\u0131\u015fmalar neticesinde SAP s\u00fcre\u00e7lerinde i\u015flenen verilerin SAP\u2019nin merkezine yani Almanya\u2019ya aktar\u0131lmas\u0131 veya \u015firketin yurt d\u0131\u015f\u0131nda server kiralayarak bu verileri yurt d\u0131\u015f\u0131na aktar\u0131m s\u00fcrecine gitmesi Kanun\u2019un 9. Maddesini g\u00fcndeme getirmektedir. Bilindi\u011fi \u00fczere Kanun uyar\u0131nca temel kural, ilgili ki\u015finin a\u00e7\u0131k r\u0131zas\u0131 olmaks\u0131z\u0131n ki\u015fisel verisinin yurt d\u0131\u015f\u0131na aktar\u0131lamad\u0131\u011f\u0131d\u0131r. Ancak \u00f6zellikle SAP s\u00fcrecine ge\u00e7i\u015f \u00f6ncesi \u015firket nezdinde h\u00e2lihaz\u0131rda i\u015flenmi\u015f olan ki\u015fisel veriler ile ilgili olarak ilgili ki\u015filerden a\u00e7\u0131k r\u0131za al\u0131nmas\u0131 pratik olarak m\u00fcmk\u00fcn olmad\u0131\u011f\u0131ndan a\u00e7\u0131k r\u0131za mekanizmas\u0131 genellikle SAP s\u00fcreci sonras\u0131 verisi i\u015flenen ilgili ki\u015filerden bu r\u0131zan\u0131n al\u0131nmas\u0131d\u0131r. Ancak a\u00e7\u0131k r\u0131za mekanizmas\u0131 \u015firketlerin veri i\u015fleme s\u00fcre\u00e7leri a\u00e7\u0131s\u0131ndan pratik anlamda s\u00fcrd\u00fcr\u00fclebilir olmad\u0131\u011f\u0131ndan ve ilgili ki\u015finin inisiyatifi do\u011frultusunda \u015fekil ald\u0131\u011f\u0131ndan a\u00e7\u0131k r\u0131za gerekmeksin bir \u00e7\u00f6z\u00fcm yolu \u015firketleri rahatlatacakt\u0131r. Bu noktada Kanun, yurtd\u0131\u015f\u0131na aktar\u0131ma konu maddenin devam\u0131nda a\u00e7\u0131k r\u0131za gerektirmeyen bir \u00e7\u00f6z\u00fcm mekanizmas\u0131 kurmu\u015ftur; g\u00fcvenli \u00fclke ve ya taahh\u00fctname. Kanun uyar\u0131nca Ki\u015fisel Verileri Koruma Kurumu\u2019nun (\u201cKurum\u201d) g\u00fcvenli \u00fclke- yani ki\u015fisel verilerin korunmas\u0131 anlam\u0131nda yeterli koruman\u0131n bulundu\u011fu \u00fclke- olarak nitelendirdi\u011fi \u00fclkelere aktar\u0131m\u0131n s\u00f6z konusu olmas\u0131 durumunda ilgili ki\u015finin a\u00e7\u0131k r\u0131zas\u0131na gerek olmaks\u0131z\u0131n s\u00f6z konusu g\u00fcvenli \u00fclkeye aktar\u0131m\u0131n m\u00fcmk\u00fcn oldu\u011funu belirtmi\u015ftir. Ancak \u015eubat 2020 itibari ile Kurum nezdinde g\u00fcvenli \u00fclkelere ili\u015fkin bir liste yay\u0131mlanmad\u0131\u011f\u0131ndan \u015fuan i\u00e7in Kanun\u2019da d\u00fczenlenen ilgili h\u00fckm\u00fcn herhangi bir i\u015flevselli\u011fi bulunmamaktad\u0131r. SAP\u2019ye yap\u0131lacak olan aktar\u0131mlarda da Almanya bu listede yer lmamaktad\u0131r. Peki a\u00e7\u0131k r\u0131za y\u00fck\u00fcne katlanmak istemeyen \u015firketlerin bu noktada uygulayabilece\u011fi \u00e7\u00f6z\u00fcm nedir?<\/p>\n<p>Kanun g\u00fcvenli \u00fclke olarak nitelendirmedi\u011fi \u00fclkelere (g\u00fcn\u00fcm\u00fczde g\u00fcvenli \u00fclkelerin listesi a\u00e7\u0131klanmad\u0131\u011f\u0131ndan b\u00fct\u00fcn \u00fclkeler bu s\u0131n\u0131fta de\u011ferlendirilmelidir) aktar\u0131m i\u00e7in taahh\u00fctname mekanizmas\u0131 \u00f6n g\u00f6rmektedir. Buna g\u00f6re bu \u00fclkelere yap\u0131lacak olan aktar\u0131mlarda, \u00fclkede bulunan ve s\u00f6zle\u015fme ili\u015fkisi i\u00e7erisinde bulunan veri sorumlusu\/ veri i\u015fleyen ile yap\u0131lacak bir taahh\u00fctnamenin Kurum\u2019a ibraz edilmesi ve Kurum\u2019un bu taahh\u00fctname ile ilgili \u00fclkeyi de\u011ferlendirerek yeterli koruman\u0131n mevcut oldu\u011funa karar vermesi durumunda a\u00e7\u0131k r\u0131za olmaks\u0131z\u0131n aktar\u0131m yap\u0131labilir.<\/p>\n<p>\u0130\u015fbu s\u00fcre\u00e7, gerek SAP ba\u015fta olmak \u00fczere yurt d\u0131\u015f\u0131nda bulunan veri sorumlusu\/veri i\u015fleyenin Kurum nezdinde taahh\u00fctname akdederek kendini ekstra ba\u011flay\u0131c\u0131 k\u0131lmaktan ka\u00e7\u0131nmas\u0131 gerek de s\u00f6zle\u015fme s\u00fcre\u00e7lerinin Kanun\u2019un \u00f6ng\u00f6rd\u00fc\u011f\u00fc taahh\u00fctname s\u00fcrecine uyumlu olmamas\u0131 nedeniyle mevcut durumda \u00e7ok uygulanabilir bulunmamaktad\u0131r. Bu nedenle ilgili mekanizma da \u015fuan i\u00e7in uygulanabilir bulunmad\u0131\u011f\u0131ndan Kurum\u2019un s\u00fcre\u00e7 ve \u00f6zellikle g\u00fcvenli \u00fclkeler nezdinde biraz daha a\u00e7\u0131klama yapmas\u0131 beklenmektedir. Bu husus \u00f6zellikle SAP projesi geli\u015ftirerek verilerini yurt d\u0131\u015f\u0131na aktaran \u015firket i\u00e7in b\u00fcy\u00fck \u00f6nem arz etmektedir.<\/p>\n<p>Sonu\u00e7 olarak; g\u00fcn\u00fcm\u00fcz i\u015f modellerinde SAP bir\u00e7ok \u015firketin \u00f6ncelikli olarak ba\u015fvurdu\u011fu \u00e7\u00f6z\u00fcm s\u00fcre\u00e7lerinin ba\u015f\u0131nda yer almaktad\u0131r. Ancak bu i\u015f modellerinin in\u015fa edilmesi esnas\u0131nda ana faaliyet konusunun ki\u015fisel verilerin i\u015flenmesini olu\u015fturdu\u011fu g\u00f6z \u00f6n\u00fcnde bulunduruldu\u011funda, yukar\u0131da da genel anlamda bahsi ge\u00e7en ki\u015fisel veri i\u015fleme ilkeleri, ki\u015fisel veri i\u015fleme \u015fartlar\u0131, ki\u015fisel veri aktar\u0131m\u0131 ve ki\u015fisel veri g\u00fcvenli\u011fi konusunda gerekli ad\u0131mlar\u0131n tamamlanarak mod\u00fcllerin uygulamaya konmas\u0131 olduk\u00e7a \u00f6nemlidir.<\/p>","protected":false},"excerpt":{"rendered":"<p>A. SAP NED\u0130R? System Analysis and Program Development (\u201cSAP\u201d) bir\u00e7ok ki\u015finin g\u00fcnl\u00fck s\u0131kl\u0131kla duydu\u011fu bir i\u015f yaz\u0131l\u0131m sa\u011flay\u0131c\u0131d\u0131r. Merkezi Almanya\u2019da bulunan \u015firket, h\u00e2lihaz\u0131rda Avrupa\u2019n\u0131n en b\u00fcy\u00fck yaz\u0131l\u0131m \u015firketi olup 1972 y\u0131l\u0131nda 5 eski IBM \u00e7al\u0131\u015fan\u0131 taraf\u0131ndan kurulmu\u015ftur. G\u00fcn\u00fcm\u00fczde 120 \u00fclkede aktif olarak faaliyet g\u00f6steren SAP, T\u00fcrkiye\u2019de de bir\u00e7ok kurumsal \u015firketin \u00e7\u00f6z\u00fcm ortakl\u0131\u011f\u0131n\u0131 yapmakta ve bu [&hellip;]<\/p>","protected":false},"author":1,"featured_media":7997,"comment_status":"closed","ping_status":"open","sticky":false,"template":"","format":"standard","meta":{"footnotes":""},"categories":[9],"tags":[],"class_list":["post-8430","post","type-post","status-publish","format-standard","has-post-thumbnail","hentry","category-genel-hukuk"],"_links":{"self":[{"href":"https:\/\/www.eyuboglubuyukatak.av.tr\/en\/wp-json\/wp\/v2\/posts\/8430","targetHints":{"allow":["GET"]}}],"collection":[{"href":"https:\/\/www.eyuboglubuyukatak.av.tr\/en\/wp-json\/wp\/v2\/posts"}],"about":[{"href":"https:\/\/www.eyuboglubuyukatak.av.tr\/en\/wp-json\/wp\/v2\/types\/post"}],"author":[{"embeddable":true,"href":"https:\/\/www.eyuboglubuyukatak.av.tr\/en\/wp-json\/wp\/v2\/users\/1"}],"replies":[{"embeddable":true,"href":"https:\/\/www.eyuboglubuyukatak.av.tr\/en\/wp-json\/wp\/v2\/comments?post=8430"}],"version-history":[{"count":0,"href":"https:\/\/www.eyuboglubuyukatak.av.tr\/en\/wp-json\/wp\/v2\/posts\/8430\/revisions"}],"wp:featuredmedia":[{"embeddable":true,"href":"https:\/\/www.eyuboglubuyukatak.av.tr\/en\/wp-json\/wp\/v2\/media\/7997"}],"wp:attachment":[{"href":"https:\/\/www.eyuboglubuyukatak.av.tr\/en\/wp-json\/wp\/v2\/media?parent=8430"}],"wp:term":[{"taxonomy":"category","embeddable":true,"href":"https:\/\/www.eyuboglubuyukatak.av.tr\/en\/wp-json\/wp\/v2\/categories?post=8430"},{"taxonomy":"post_tag","embeddable":true,"href":"https:\/\/www.eyuboglubuyukatak.av.tr\/en\/wp-json\/wp\/v2\/tags?post=8430"}],"curies":[{"name":"wp","href":"https:\/\/api.w.org\/{rel}","templated":true}]}}