{"id":8409,"date":"2021-03-16T19:39:33","date_gmt":"2021-03-16T19:39:33","guid":{"rendered":"http:\/\/www.eyuboglubuyukatak.av.tr\/?p=8409"},"modified":"2023-12-12T16:56:38","modified_gmt":"2023-12-12T13:56:38","slug":"kisisel-verilerin-korunmasi-kanunu-kapsaminda-yurtdisina-veri-aktarimi","status":"publish","type":"post","link":"https:\/\/www.eyuboglubuyukatak.av.tr\/en\/kisisel-verilerin-korunmasi-kanunu-kapsaminda-yurtdisina-veri-aktarimi\/","title":{"rendered":"Ki\u015fisel Verilerin Korunmas\u0131 Kanunu Kapsam\u0131nda Yurtd\u0131\u015f\u0131na Veri Aktar\u0131m\u0131"},"content":{"rendered":"<p><strong>A. GENEL TANIM<\/strong><\/p>\n<p>Ki\u015fisel verilerin korunmas\u0131 s\u00fcrecinin son derece pop\u00fcler oldu\u011fu son y\u0131llarda, verilerin yurt d\u0131\u015f\u0131na aktar\u0131lmas\u0131 konusu \u00f6zellikle sunucusu yurtd\u0131\u015f\u0131nda bulunan \u015firket programlar\u0131n\u0131 kullanan \u015firket sorumlular\u0131 taraf\u0131ndan ayr\u0131 bir \u00f6neme sahiptir.<\/p>\n<p>6698 say\u0131l\u0131 Ki\u015fisel Verilerin Korunmas\u0131 Kanunu\u2019nun (\u201cKanun\u201d) 9.maddesi ki\u015fisel verilerin yurt d\u0131\u015f\u0131na aktar\u0131lmas\u0131n\u0131 d\u00fczenlemekte olup; Kanun uyar\u0131nca temel kural, ki\u015fisel verilerin ilgili ki\u015finin a\u00e7\u0131k r\u0131zas\u0131 olmaks\u0131z\u0131n yurt d\u0131\u015f\u0131na aktar\u0131lamayaca\u011f\u0131 y\u00f6n\u00fcndedir. Mevcut maddenin 2.f\u0131kras\u0131nda, istisnai bir d\u00fczenleme sa\u011flanarak; belirtilen \u015fartlar\u0131n varl\u0131\u011f\u0131 halinde ilgili ki\u015finin a\u00e7\u0131k r\u0131zas\u0131 aranmaks\u0131z\u0131n ki\u015fisel verilerin yurt d\u0131\u015f\u0131na aktar\u0131lmas\u0131na kanun uyar\u0131nca imk\u00e2n tan\u0131nm\u0131\u015ft\u0131r. Belirtmek gerekir ki, Kanun\u2019un 3.maddesinin 1.f\u0131kras\u0131n\u0131n (d) bendinde belirtilen genel nitelikli ki\u015fisel veriler ile; 6.maddesinin 1. F\u0131kras\u0131nda yer alan \u00f6zel nitelikli ki\u015fisel veriler bu madde uyar\u0131nca aktar\u0131labilecek verilerdir.<\/p>\n<p><strong>B. TEMEL D\u00dcZENLEMELER<\/strong><\/p>\n<p>Yukar\u0131da da bahsi ge\u00e7ti\u011fi \u00fczere, ki\u015fisel verilerin yurtd\u0131\u015f\u0131na aktar\u0131m\u0131 i\u00e7in kural olarak ilgili ki\u015finin a\u00e7\u0131k r\u0131zas\u0131 aranmaktad\u0131r. Ayn\u0131 zamanda, ilgili ki\u015finin a\u00e7\u0131k r\u0131zas\u0131na dayanarak yurtd\u0131\u015f\u0131na aktar\u0131m yap\u0131labilmesi i\u00e7in de bu a\u00e7\u0131k r\u0131zan\u0131n yurt d\u0131\u015f\u0131na aktar\u0131m kapsam\u0131n\u0131n ayr\u0131nt\u0131l\u0131 \u015fekilde belirtilmesi gerekmektedir. D\u00fclger\u2019e g\u00f6re; yurtd\u0131\u015f\u0131na veri aktar\u0131m\u0131nda al\u0131nacak olan a\u00e7\u0131k r\u0131zan\u0131n genel ko\u015fullar\u0131n\u0131n yan\u0131 s\u0131ra i\u00e7ermesi gereken asgari unsurlar\u0131 \u015fu \u015fekildedir:<\/p>\n<p>&#8211; Yurtd\u0131\u015f\u0131na aktar\u0131m yap\u0131laca\u011f\u0131 bilgisi,<br \/>\n&#8211; Aktar\u0131m yap\u0131lacak \u00fclke ya da \u00fclkeler,<br \/>\n&#8211; Aktar\u0131m\u0131n amac\u0131,<br \/>\n&#8211; Aktar\u0131m sonras\u0131 verinin hangi ama\u00e7larla i\u015flenece\u011fi,<br \/>\n&#8211; Verinin, alan ki\u015fi taraf\u0131ndan ba\u015fka ki\u015filere aktar\u0131l\u0131p aktar\u0131lmayaca\u011f\u0131.<\/p>\n<p>Kural olarak, yurtd\u0131\u015f\u0131na veri aktar\u0131m\u0131nda verinin \u00fclke d\u0131\u015f\u0131na \u00e7\u0131kmas\u0131 yeterli olup; \u00fc\u00e7\u00fcnc\u00fc ki\u015fiye aktar\u0131lmas\u0131 zorunlu de\u011fildir. \u00d6rnek vermek gerekirse, Bir T\u00fcrk \u015firketinin \u00e7al\u0131\u015fan verilerini yurtd\u0131\u015f\u0131nda bulunan an \u015firketin sa\u011flad\u0131\u011f\u0131 merkezi insan kaynaklar\u0131 uygulamas\u0131nda tutmaktad\u0131r. B\u00f6ylelikle \u015firketin T\u00fcrkiye\u2019deki \u00e7al\u0131\u015fanlar\u0131n\u0131n \u00f6zl\u00fck bilgileri yurtd\u0131\u015f\u0131ndaki ana \u015firkete g\u00f6nderilmektedir. Bu i\u015flem yurtd\u0131\u015f\u0131na aktar\u0131m olarak de\u011ferlendirilmelidir.<\/p>\n<p><strong>C. \u0130ST\u0130SNA\u0130 D\u00dcZENLEMELER<\/strong><\/p>\n<p>Kanunda belirtilen \u015fartlar\u0131n varl\u0131\u011f\u0131 halinde, istisnai d\u00fczenleme olarak a\u00e7\u0131k r\u0131za aranmaks\u0131z\u0131n ki\u015fisel verilerin yurtd\u0131\u015f\u0131na aktar\u0131lmas\u0131na olanak sa\u011flanm\u0131\u015ft\u0131r. Buna g\u00f6re; genel nitelikli veriler i\u00e7in, Kanun\u2019un 5. Maddesinin 2. F\u0131kras\u0131nda yer alan i\u00e7in i\u015flenme \u015fartlar\u0131ndan birisinin bulunmas\u0131 veya \u00f6zel nitelikli veriler i\u00e7in ise Kanun\u2019un 6.maddesinin 3. F\u0131kras\u0131nda yer alan \u015fartlardan birisinin bulunmas\u0131na ba\u011fl\u0131 olarak;<\/p>\n<p>&#8211; Verilerin aktar\u0131m\u0131n\u0131n yap\u0131laca\u011f\u0131 \u00fclkede yeterli koruman\u0131n bulunmas\u0131 ya da,<br \/>\n&#8211; Veri aktar\u0131m\u0131n\u0131n yap\u0131laca\u011f\u0131 \u00fclkede yeterli koruman\u0131n bulunmamas\u0131 durumunda T\u00fcrkiye\u2019deki ve ilgili yabanc\u0131 \u00fclkedeki veri sorumlular\u0131n\u0131n yeterli bir korumay\u0131 yaz\u0131l\u0131 olarak taahh\u00fct etmeleri ve Ki\u015fisel Verileri Koruma Kurulu\u2019nun (\u201cKurul\u201d) izninin bulunmas\u0131 kayd\u0131yla<\/p>\n<p>ilgili ki\u015finin a\u00e7\u0131k r\u0131zas\u0131n\u0131n aranmayaca\u011f\u0131 belirtilmi\u015ftir. Bu d\u00fczenleme ile genel h\u00fckme bir istisnai bir d\u00fczenleme getirilerek; adeta a\u00e7\u0131k r\u0131za gerektirmeyen bir \u00e7\u00f6z\u00fcm sunulmu\u015f ve a\u00e7\u0131k r\u0131za d\u0131\u015f\u0131ndaki haller i\u00e7in Kanun, aktar\u0131m\u0131n yap\u0131laca\u011f\u0131 \u00fclkede yeterli koruman\u0131n bulunup bulunmamas\u0131na g\u00f6re bir ayr\u0131ma gitmi\u015f ve buna istinaden farkl\u0131 d\u00fczenlemelerde bulunmu\u015ftur.<\/p>\n<p><strong>1. Yeterli Koruman\u0131n Bulunmas\u0131:<\/strong><\/p>\n<p>Yeterli koruman\u0131n bulunmas\u0131 halinde, Kanun\u2019un 5.maddesinin 2. f\u0131kras\u0131nda bulunan genel nitelikli veriler bak\u0131m\u0131ndan i\u015flenme \u015fartlar\u0131ndan birisinin varl\u0131\u011f\u0131 halinde ilgili ki\u015finin a\u00e7\u0131k r\u0131zas\u0131na gerek olmaks\u0131z\u0131n yurtd\u0131\u015f\u0131na veri aktar\u0131m\u0131 yap\u0131labilecektir.<\/p>\n<p>Benzer \u015fekilde veri aktar\u0131m\u0131n\u0131n yap\u0131laca\u011f\u0131 \u00fclkede yeterli koruman\u0131n bulunmas\u0131 halinde, \u00f6zel nitelikli ki\u015fisel verilerin yer ald\u0131\u011f\u0131 m.6\/3\u2019de mevcut olan \u015fartlardan birisinin bulunmas\u0131 durumunda;<\/p>\n<p>&#8211; Sa\u011fl\u0131k ve cinsel hayat d\u0131\u015f\u0131ndaki \u00f6zel nitelikli ki\u015fisel veriler bak\u0131m\u0131ndan kanunlarda \u00f6ng\u00f6r\u00fclmesi,<br \/>\n&#8211; Sa\u011fl\u0131k ve cinsel hayata ili\u015fkin ki\u015fisel veriler bak\u0131m\u0131ndan kamu sa\u011fl\u0131\u011f\u0131n\u0131n korunmas\u0131, koruyucu hekimlik, t\u0131bb\u00ee te\u015fhis, tedavi ve bak\u0131m hizmetlerinin y\u00fcr\u00fct\u00fclmesi, sa\u011fl\u0131k hizmetleri ile finansman\u0131n\u0131n planlanmas\u0131 ve y\u00f6netimi amac\u0131yla, s\u0131r saklama y\u00fck\u00fcml\u00fcl\u00fc\u011f\u00fc alt\u0131nda bulunan ki\u015filer veya yetkili kurum ve kurulu\u015flar taraf\u0131ndan i\u015flenmesi,<\/p>\n<p>Hallerinde ilgili ki\u015finin a\u00e7\u0131k r\u0131zas\u0131 aranmaks\u0131z\u0131n yurtd\u0131\u015f\u0131na veri aktar\u0131m\u0131 yap\u0131labilecektir.<\/p>\n<p>Kanun\u2019un 9.maddesine g\u00f6re, yeterli korumaya sahip \u00fclkeler Kurul taraf\u0131ndan belirlenerek ilan edilecektir. Ancak mevcut tarih -17.02.2020- itibariyle hen\u00fcz Kurul taraf\u0131ndan g\u00fcvenli \u00fclkelere (ki\u015fisel verilerin aktar\u0131m\u0131nda yeterli koruman\u0131n bulundu\u011fu \u00fclke) ili\u015fkin herhangi bir liste yay\u0131mlanmam\u0131\u015ft\u0131r. Uygulamada \u00f6zellikle veri sorumlular\u0131 taraf\u0131ndan Avrupa Birli\u011fi \u00fclkelerine yap\u0131lan aktar\u0131mlar, ilk etapta yeterli koruman\u0131n bulundu\u011fu \u00fclkeye aktar\u0131m olarak nitelendirilse de Kanun\u2019un \u00f6ng\u00f6rd\u00fc\u011f\u00fc \u00fczere Kurul taraf\u0131ndan resmi olarak a\u00e7\u0131klanmayan herhangi bir \u00fclkeye yap\u0131lan aktar\u0131mlar, her hal\u00fckarda bu h\u00fck\u00fcm alt\u0131nda ger\u00e7ekle\u015ftirilen aktar\u0131m olarak d\u00fc\u015f\u00fcn\u00fclmemelidir.<\/p>\n<p>Bu noktada \u00f6nemle hat\u0131rlatmak gerekirse, Avrupa Birli\u011fi \u00fclkeleri nezdinde y\u00fcr\u00fcrl\u00fckte olan 25 May\u0131s 2018 tarihli Avrupa Birli\u011fi Genel Veri Koruma T\u00fcz\u00fc\u011f\u00fc ile T\u00fcrkiye\u2019nin taraf oldu\u011fu ve Kanun\u2019un y\u00fcr\u00fcrl\u00fc\u011fe girdi\u011fi tarihte Resmi Gazete\u2019de yay\u0131mlanarak kabul edilen 108 say\u0131l\u0131 28.01.2018 tarihli Ki\u015fisel Verilerin Otomatik \u0130\u015fleme Tabi Tutulmas\u0131 Kar\u015f\u0131s\u0131nda Bireylerin Korunmas\u0131 S\u00f6zle\u015fmesi gibi unsurlar, hi\u00e7bir \u015fekilde kendili\u011finden Avrupa Birli\u011fi \u00fcye \u00fclkelerini bu Kanun uyar\u0131nca yeterli koruman\u0131n bulundu\u011fu \u00fclkeler s\u0131n\u0131f\u0131na d\u00e2hil etmez. Bu ve bunun gibi fakt\u00f6rler yaln\u0131zca Kanun\u2019un ilgili maddesinde d\u00fczenlenen;<\/p>\n<p>\u201cKurul yabanc\u0131 \u00fclkede yeterli koruma bulunup bulunmad\u0131\u011f\u0131na ve ikinci f\u0131kran\u0131n (b) bendi uyar\u0131nca izin verilip verilmeyece\u011fine (4) Kurul yabanc\u0131 \u00fclkede yeterli koruma bulunup bulunmad\u0131\u011f\u0131na ve ikinci f\u0131kran\u0131n (b) bendi uyar\u0131nca izin verilip verilmeyece\u011fine; a) T\u00fcrkiye\u2019nin taraf oldu\u011fu uluslararas\u0131 s\u00f6zle\u015fmeleri, b) Ki\u015fisel veri talep eden \u00fclke ile T\u00fcrkiye aras\u0131nda veri aktar\u0131m\u0131na ili\u015fkin kar\u015f\u0131l\u0131kl\u0131l\u0131k durumunu, c) Her somut ki\u015fisel veri aktar\u0131m\u0131na ili\u015fkin olarak, ki\u015fisel verinin niteli\u011fi ile i\u015flenme ama\u00e7 ve s\u00fcresini, \u00e7) Ki\u015fisel verinin aktar\u0131laca\u011f\u0131 \u00fclkenin konuyla ilgili mevzuat\u0131 ve uygulamas\u0131n\u0131, d) Ki\u015fisel verinin aktar\u0131laca\u011f\u0131 \u00fclkede bulunan veri sorumlusu taraf\u0131ndan taahh\u00fct edilen \u00f6nlemleri, de\u011ferlendirmek ve ihtiya\u00e7 duymas\u0131 h\u00e2linde, ilgili kurum ve kurulu\u015flar\u0131n g\u00f6r\u00fc\u015f\u00fcn\u00fc de almak suretiyle karar verir.\u201d h\u00fckm\u00fc \u00e7er\u00e7evesinde de\u011ferlendirilir. Mevcut durumda Avrupa Birli\u011fi \u00fclkelerinin yeterli koruman\u0131n bulundu\u011fu \u00fclkeler s\u0131n\u0131f\u0131na dahil edilememesinin en b\u00fcy\u00fck nedeni de, ilgili h\u00fckm\u00fcn b bendinde d\u00fczenlenen kar\u015f\u0131l\u0131kl\u0131k durumunun tam olarak sa\u011flanamamas\u0131d\u0131r.<\/p>\n<p><strong>2. Yeterli Koruman\u0131n Bulunmamas\u0131:<\/strong><\/p>\n<p>Yurtd\u0131\u015f\u0131na veri aktar\u0131m\u0131 yap\u0131lacak \u00fclkenin yeterli korumaya sahip olmamas\u0131 durumunda, aktar\u0131m ancak T\u00fcrkiye\u2019deki ve yurtd\u0131\u015f\u0131ndaki veri sorumlular\u0131n\u0131n yeterli korumay\u0131 yaz\u0131l\u0131 olarak taahh\u00fct ederek Kurul\u2019dan izin almalar\u0131 durumunda m\u00fcmk\u00fcn olabilmektedir.<\/p>\n<p>Olas\u0131 \u00c7\u00f6z\u00fcm: H\u00e2lihaz\u0131rda Kurul taraf\u0131ndan ilan edilmi\u015f yeterli korumaya sahip (g\u00fcvenli \u00fclke) \u00fclkelerin listesi mevcut olmad\u0131\u011f\u0131 i\u00e7in; yurtd\u0131\u015f\u0131na veri aktar\u0131mlar\u0131n\u0131n tamam\u0131 ya a\u00e7\u0131k r\u0131za al\u0131narak ya da yeterli koruma yaz\u0131l\u0131 olarak taahh\u00fct edilip Kurul\u2019dan izin al\u0131nmas\u0131 yoluyla yap\u0131lmal\u0131d\u0131r.<\/p>\n<p>Veri i\u015fleme s\u00fcrecinin belirli bir a\u015famas\u0131n\u0131n tamamland\u0131\u011f\u0131 ve h\u00e2lihaz\u0131rda bir\u00e7ok ilgili ki\u015finin ki\u015fisel verisinin yurt d\u0131\u015f\u0131na aktar\u0131ld\u0131\u011f\u0131 s\u00fcre\u00e7lerde a\u00e7\u0131k r\u0131za metodu pratik olmayaca\u011f\u0131ndan bu noktada taahh\u00fct y\u00f6ntemi tercih edilebilir konuma gelmektedir. Taahh\u00fct durumunda, T\u00fcrkiye\u2019de bulunan veri sorumlusu ve yeterli koruman\u0131n bulunmad\u0131\u011f\u0131 \u00fclkede bulunan veri sorumlusu veya veri i\u015fleyen yaz\u0131l\u0131 bir taahh\u00fctname imzalamak suretiyle yeterli korumay\u0131 sa\u011flayacaklar\u0131n\u0131 taahh\u00fct ederek; bu taahh\u00fctle birlikte Kurul\u2019a ba\u015fvurarak yurtd\u0131\u015f\u0131na veri aktar\u0131m\u0131 hususunda izin almak zorundad\u0131rlar.<\/p>\n<p>Ancak uygulamada aktar\u0131m\u0131n ger\u00e7ekle\u015ftirilece\u011fi bir\u00e7ok veri sorumlusu\/veri i\u015fleyen, ilgili taahh\u00fctnameyi sorumlulu\u011fun Ki\u015fisel Verileri Koruma Kurumu (\u201cKurum\u201d) nezdinde ba\u011flay\u0131c\u0131 olmas\u0131 noktas\u0131ndaki \u00e7ekinceleri sebebiyle bu y\u00f6ntemi kabul etmemektedir. Ayn\u0131 zamanda merkezi yurt d\u0131\u015f\u0131na bulunan bir\u00e7ok uluslararas\u0131 \u015firket de ilgili metodu uygulamaktan ka\u00e7\u0131nmaktad\u0131r. Bu nedenle konu ile ilgili olarak Kurum\u2019un bir a\u00e7\u0131klama yapmas\u0131, pratik s\u00fcre\u00e7teki t\u0131kan\u0131kl\u0131\u011f\u0131n giderilebilmesi a\u00e7\u0131s\u0131ndan b\u00fcy\u00fck \u00f6nem arz etmektedir. Kurul taraf\u0131ndan, yurtd\u0131\u015f\u0131na veri aktar\u0131m\u0131nda taraflar\u0131n kar\u015f\u0131l\u0131kl\u0131 haz\u0131rlay\u0131p imzalayacaklar\u0131 taahh\u00fctnamede yer alacak asgari unsurlar\u0131 belirlemi\u015f ve ilan etmi\u015ftir.<\/p>\n<p><strong>SONU\u00c7<\/strong><\/p>\n<p>Yukar\u0131da detayl\u0131ca a\u00e7\u0131kland\u0131\u011f\u0131 \u00fczere, yurtd\u0131\u015f\u0131na veri aktar\u0131m\u0131 kanun koyucu taraf\u0131ndan ayr\u0131ca d\u00fczenleme alan\u0131 bulmu\u015ftur. G\u00fcn\u00fcm\u00fczde \u015firket i\u015f takibi s\u00fcre\u00e7lerinde kullan\u0131lan bir\u00e7ok program\u0131n ana sunucusunun yurtd\u0131\u015f\u0131nda bulunmas\u0131 sebebiyle verilerin yurtd\u0131\u015f\u0131na aktar\u0131m\u0131 g\u00fcndeme gelmekte ve bu kapsam alt\u0131nda verilerin i\u015flenmesi, i\u015flenme \u015fartlar\u0131, veri aktar\u0131m\u0131 ve veri g\u00fcvenli\u011fi konular\u0131nda da \u015firketlerin gerekli tedbir ve d\u00fczenlemeleri almas\u0131 son derece \u00f6nem arz etmektedir. Buna ba\u011fl\u0131 olarak, Kurul\u2019un en k\u0131sa zamanda veri aktar\u0131m\u0131nda yeterli korumaya sahip(yeterli \u00fclke) \u00fclkeleri belirlemesi i\u015f s\u00fcre\u00e7leri itibariyle yurtd\u0131\u015f\u0131na veri aktar\u0131m\u0131nda bulunmak durumunda olan veri sorumlular\u0131 bak\u0131m\u0131ndan da yol g\u00f6sterici bir d\u00fczenleme olacakt\u0131r.<\/p>","protected":false},"excerpt":{"rendered":"<p>A. GENEL TANIM Ki\u015fisel verilerin korunmas\u0131 s\u00fcrecinin son derece pop\u00fcler oldu\u011fu son y\u0131llarda, verilerin yurt d\u0131\u015f\u0131na aktar\u0131lmas\u0131 konusu \u00f6zellikle sunucusu yurtd\u0131\u015f\u0131nda bulunan \u015firket programlar\u0131n\u0131 kullanan \u015firket sorumlular\u0131 taraf\u0131ndan ayr\u0131 bir \u00f6neme sahiptir. 6698 say\u0131l\u0131 Ki\u015fisel Verilerin Korunmas\u0131 Kanunu\u2019nun (\u201cKanun\u201d) 9.maddesi ki\u015fisel verilerin yurt d\u0131\u015f\u0131na aktar\u0131lmas\u0131n\u0131 d\u00fczenlemekte olup; Kanun uyar\u0131nca temel kural, ki\u015fisel verilerin ilgili ki\u015finin [&hellip;]<\/p>","protected":false},"author":1,"featured_media":7997,"comment_status":"closed","ping_status":"open","sticky":false,"template":"","format":"standard","meta":{"footnotes":""},"categories":[9],"tags":[],"class_list":["post-8409","post","type-post","status-publish","format-standard","has-post-thumbnail","hentry","category-genel-hukuk"],"_links":{"self":[{"href":"https:\/\/www.eyuboglubuyukatak.av.tr\/en\/wp-json\/wp\/v2\/posts\/8409","targetHints":{"allow":["GET"]}}],"collection":[{"href":"https:\/\/www.eyuboglubuyukatak.av.tr\/en\/wp-json\/wp\/v2\/posts"}],"about":[{"href":"https:\/\/www.eyuboglubuyukatak.av.tr\/en\/wp-json\/wp\/v2\/types\/post"}],"author":[{"embeddable":true,"href":"https:\/\/www.eyuboglubuyukatak.av.tr\/en\/wp-json\/wp\/v2\/users\/1"}],"replies":[{"embeddable":true,"href":"https:\/\/www.eyuboglubuyukatak.av.tr\/en\/wp-json\/wp\/v2\/comments?post=8409"}],"version-history":[{"count":0,"href":"https:\/\/www.eyuboglubuyukatak.av.tr\/en\/wp-json\/wp\/v2\/posts\/8409\/revisions"}],"wp:featuredmedia":[{"embeddable":true,"href":"https:\/\/www.eyuboglubuyukatak.av.tr\/en\/wp-json\/wp\/v2\/media\/7997"}],"wp:attachment":[{"href":"https:\/\/www.eyuboglubuyukatak.av.tr\/en\/wp-json\/wp\/v2\/media?parent=8409"}],"wp:term":[{"taxonomy":"category","embeddable":true,"href":"https:\/\/www.eyuboglubuyukatak.av.tr\/en\/wp-json\/wp\/v2\/categories?post=8409"},{"taxonomy":"post_tag","embeddable":true,"href":"https:\/\/www.eyuboglubuyukatak.av.tr\/en\/wp-json\/wp\/v2\/tags?post=8409"}],"curies":[{"name":"wp","href":"https:\/\/api.w.org\/{rel}","templated":true}]}}