{"id":8382,"date":"2021-03-16T18:37:43","date_gmt":"2021-03-16T18:37:43","guid":{"rendered":"http:\/\/www.eyuboglubuyukatak.av.tr\/?p=8382"},"modified":"2023-12-12T16:56:38","modified_gmt":"2023-12-12T13:56:38","slug":"veri-sorumlulari-siciline-kayit-yukumlulugu","status":"publish","type":"post","link":"https:\/\/www.eyuboglubuyukatak.av.tr\/en\/veri-sorumlulari-siciline-kayit-yukumlulugu\/","title":{"rendered":"Veri Sorumlular\u0131 Siciline Kay\u0131t Y\u00fck\u00fcml\u00fcl\u00fc\u011f\u00fc\ufeff"},"content":{"rendered":"<p>6698 say\u0131l\u0131 Ki\u015fisel Verilerin Korunmas\u0131 Kanununun (Kanun) 16 nc\u0131 maddesinin (2) numaral\u0131 f\u0131kras\u0131 gere\u011fince, ki\u015fisel verileri i\u015fleyen ger\u00e7ek ve t\u00fczel ki\u015filerin, veri i\u015flemeye ba\u015flamadan \u00f6nce \u201cVeri Sorumlular\u0131 Siciline\u201d (Sicil) kaydolmalar\u0131 gerekmektedir. Sicil, kamuya a\u00e7\u0131k tutulmakta olup Sicile girilecek bilgilerin veri sorumlular\u0131n\u0131n haz\u0131rlamakla y\u00fck\u00fcml\u00fc olduklar\u0131 ki\u015fisel veri i\u015fleme envanterine dayanmas\u0131 gerekmektedir. Ki\u015fisel Verileri Koruma Kurulu\u2019nun 19.07.2018 tarihli ve 2018\/88 say\u0131l\u0131 karar\u0131 ile sicile kay\u0131t y\u00fck\u00fcml\u00fcl\u00fc\u011f\u00fcn\u00fcn ba\u015flama tarihleri d\u00fczenlenmi\u015ftir. Bu kapsamda,<\/p>\n<p>&#8211; Y\u0131ll\u0131k \u00e7al\u0131\u015fan say\u0131s\u0131 50\u2019den \u00e7ok veya y\u0131ll\u0131k mali bilan\u00e7o toplam\u0131 25 milyon TL\u2019den \u00e7ok olan ger\u00e7ek ve t\u00fczel ki\u015fi veri sorumlular\u0131 i\u00e7in Sicile kay\u0131t y\u00fck\u00fcml\u00fcl\u00fc\u011f\u00fc ba\u015flang\u0131\u00e7 tarihi, 01.10.2018 olarak belirlenmi\u015f ve Sicile kay\u0131t yapt\u0131rmalar\u0131 i\u00e7in bu veri sorumlular\u0131na 30.09.2019 tarihine kadar s\u00fcre verilmi\u015ftir.<br \/>\n&#8211; Yurtd\u0131\u015f\u0131nda yerle\u015fik ger\u00e7ek ve t\u00fczel ki\u015fi veri sorumlular\u0131 i\u00e7in Sicile kay\u0131t y\u00fck\u00fcml\u00fcl\u00fc\u011f\u00fc ba\u015flang\u0131\u00e7 tarihinin 01.10.2018 olmas\u0131 ve Sicile kay\u0131t yapt\u0131rmalar\u0131 i\u00e7in bu veri sorumlular\u0131na 30.09.2019 tarihine kadar s\u00fcre verilmi\u015ftir.<br \/>\n&#8211; Y\u0131ll\u0131k \u00e7al\u0131\u015fan say\u0131s\u0131 50\u2019den az ve y\u0131ll\u0131k mali bilan\u00e7o toplam\u0131 25 milyon TL\u2019den az olmakla birlikte ana faaliyet konusu \u00f6zel nitelikli ki\u015fisel veri i\u015flemek olan veri sorumlular\u0131 i\u00e7in Sicile kay\u0131t y\u00fck\u00fcml\u00fcl\u00fc\u011f\u00fc ba\u015flang\u0131\u00e7 tarihinin 01.01.2019 olmas\u0131 ve Sicile kay\u0131t yapt\u0131rmalar\u0131 i\u00e7in bu veri sorumlular\u0131na 31.03.2020 tarihine kadar s\u00fcre verilmi\u015ftir.<\/p>\n<p>Kurul taraf\u0131ndan verilen kararda, \u201cVeri Sorumlular\u0131 Siciline kay\u0131t zorunlulu\u011funa istisna getirilebilir\u201d ifadesi yer almaktad\u0131r. Ancak, unutulmamal\u0131d\u0131r ki sicile kay\u0131t y\u00fck\u00fcml\u00fcl\u00fc\u011f\u00fcn\u00fcz olmasa dahi, herhal\u00fckarda Kanun\u2019a uygun veri i\u015fleme faaliyetinde bulunma zorunlulu\u011funuz devam etmektedir.<\/p>\n<p>\u0130lgin\u00e7 bir \u015fekilde d\u00fczenlemede \u00e7al\u0131\u015fan say\u0131s\u0131n\u0131n 50 alt\u0131 veya \u00fcst\u00fc yerine tam 50 ki\u015fi olmas\u0131 halinde hangi tarihlerin uygulanaca\u011f\u0131 d\u00fczenlenmemi\u015ftir. Kanun gere\u011fince, Sicile kay\u0131t ve bildirim y\u00fck\u00fcml\u00fcl\u00fc\u011f\u00fcne ayk\u0131r\u0131 hareket edenler hakk\u0131nda 20.000 T\u00fcrk liras\u0131ndan 1.000.000 T\u00fcrk liras\u0131na kadar, idari para cezas\u0131 verilece\u011fini hat\u0131rlatmak isteriz.<\/p>\n<p>&nbsp;<\/p>\n<p>Sayg\u0131lar\u0131m\u0131zla,<\/p>\n<p>Ey\u00fcbo\u011flu B\u00fcy\u00fckatak Attorneys at Law<\/p>","protected":false},"excerpt":{"rendered":"<p>6698 say\u0131l\u0131 Ki\u015fisel Verilerin Korunmas\u0131 Kanununun (Kanun) 16 nc\u0131 maddesinin (2) numaral\u0131 f\u0131kras\u0131 gere\u011fince, ki\u015fisel verileri i\u015fleyen ger\u00e7ek ve t\u00fczel ki\u015filerin, veri i\u015flemeye ba\u015flamadan \u00f6nce \u201cVeri Sorumlular\u0131 Siciline\u201d (Sicil) kaydolmalar\u0131 gerekmektedir. Sicil, kamuya a\u00e7\u0131k tutulmakta olup Sicile girilecek bilgilerin veri sorumlular\u0131n\u0131n haz\u0131rlamakla y\u00fck\u00fcml\u00fc olduklar\u0131 ki\u015fisel veri i\u015fleme envanterine dayanmas\u0131 gerekmektedir. Ki\u015fisel Verileri Koruma Kurulu\u2019nun 19.07.2018 [&hellip;]<\/p>","protected":false},"author":1,"featured_media":7997,"comment_status":"closed","ping_status":"open","sticky":false,"template":"","format":"standard","meta":{"footnotes":""},"categories":[9],"tags":[],"class_list":["post-8382","post","type-post","status-publish","format-standard","has-post-thumbnail","hentry","category-genel-hukuk"],"_links":{"self":[{"href":"https:\/\/www.eyuboglubuyukatak.av.tr\/en\/wp-json\/wp\/v2\/posts\/8382","targetHints":{"allow":["GET"]}}],"collection":[{"href":"https:\/\/www.eyuboglubuyukatak.av.tr\/en\/wp-json\/wp\/v2\/posts"}],"about":[{"href":"https:\/\/www.eyuboglubuyukatak.av.tr\/en\/wp-json\/wp\/v2\/types\/post"}],"author":[{"embeddable":true,"href":"https:\/\/www.eyuboglubuyukatak.av.tr\/en\/wp-json\/wp\/v2\/users\/1"}],"replies":[{"embeddable":true,"href":"https:\/\/www.eyuboglubuyukatak.av.tr\/en\/wp-json\/wp\/v2\/comments?post=8382"}],"version-history":[{"count":0,"href":"https:\/\/www.eyuboglubuyukatak.av.tr\/en\/wp-json\/wp\/v2\/posts\/8382\/revisions"}],"wp:featuredmedia":[{"embeddable":true,"href":"https:\/\/www.eyuboglubuyukatak.av.tr\/en\/wp-json\/wp\/v2\/media\/7997"}],"wp:attachment":[{"href":"https:\/\/www.eyuboglubuyukatak.av.tr\/en\/wp-json\/wp\/v2\/media?parent=8382"}],"wp:term":[{"taxonomy":"category","embeddable":true,"href":"https:\/\/www.eyuboglubuyukatak.av.tr\/en\/wp-json\/wp\/v2\/categories?post=8382"},{"taxonomy":"post_tag","embeddable":true,"href":"https:\/\/www.eyuboglubuyukatak.av.tr\/en\/wp-json\/wp\/v2\/tags?post=8382"}],"curies":[{"name":"wp","href":"https:\/\/api.w.org\/{rel}","templated":true}]}}