{"id":8376,"date":"2021-03-16T18:08:35","date_gmt":"2021-03-16T18:08:35","guid":{"rendered":"http:\/\/www.eyuboglubuyukatak.av.tr\/?p=8376"},"modified":"2023-12-12T16:56:38","modified_gmt":"2023-12-12T13:56:38","slug":"turk-parasi-kiymeti-koruma-hakkinda-32-sayili-karar-da-degisiklik","status":"publish","type":"post","link":"https:\/\/www.eyuboglubuyukatak.av.tr\/en\/turk-parasi-kiymeti-koruma-hakkinda-32-sayili-karar-da-degisiklik\/","title":{"rendered":"T\u00fcrk Parasi k\u0131ymeti Koruma Hakk\u0131nda 32 Say\u0131l\u0131 Karar &#8216;da degisiklik \ufeff"},"content":{"rendered":"<p><strong>G\u0130R\u0130\u015e<\/strong><\/p>\n<p>13 Eyl\u00fcl 2018 Tarihli ve 30534 Say\u0131l\u0131 Resm\u00ee Gazete\u2019de yay\u0131nlanan, Cumhurba\u015fkan\u0131\u2019n\u0131n 2018\/85 say\u0131l\u0131 karar\u0131 ile, T\u00fcrk Paras\u0131 K\u0131ymetini Koruma Hakk\u0131nda 32 Say\u0131l\u0131 Karar\u2019\u0131n 4. maddesine g bendi eklenmi\u015ftir. Buna g\u00f6re, T\u00fcrkiye\u2019de yerle\u015fik ki\u015filerin, Bakanl\u0131k\u00e7a belirlenen haller d\u0131\u015f\u0131nda, ilgili maddede say\u0131lan t\u00fcrden s\u00f6zle\u015fmelerin bedelleri ve bu s\u00f6zle\u015fmelerden kaynaklanan di\u011fer y\u00fck\u00fcml\u00fcl\u00fckleri d\u00f6viz cinsinden veya d\u00f6vize endeksli olarak kararla\u015ft\u0131r\u0131lamayaca\u011f\u0131 d\u00fczenlenmi\u015ftir. Ayr\u0131ca, ayn\u0131 karara ge\u00e7ici bir madde eklenerek g bendinin y\u00fcr\u00fcrl\u00fc\u011fe girdi\u011fi tarihten itibaren otuz g\u00fcn i\u00e7inde say\u0131lan s\u00f6zle\u015fmelere giren ve daha \u00f6nce d\u00fczenlenmi\u015f y\u00fcr\u00fcrl\u00fckteki s\u00f6zle\u015fmelerdeki d\u00f6viz cinsinden kararla\u015ft\u0131r\u0131lm\u0131\u015f bedeller, baz\u0131 haller sakl\u0131 tutularak T\u00fcrk paras\u0131 olarak taraflarca yeniden belirlenir. Al\u0131nan bu karar ve yap\u0131lan de\u011fi\u015fiklikler 13 Eyl\u00fcl 2018 tarihli Resmi Gazete\u2019de yay\u0131mlanarak y\u00fcr\u00fcrl\u00fc\u011fe girmi\u015ftir.<\/p>\n<p><strong>1. KARARDA YER ALAN \u201cT\u00dcRK\u0130YE\u2019DE YERLE\u015e\u0130K K\u0130\u015e\u0130\u201d \u0130FADES\u0130 NE ANLAMA GELMEKTED\u0130R?<\/strong><\/p>\n<p>T\u00fcrkiye\u2019de yerle\u015fik ki\u015fi ifadesi; yurtd\u0131\u015f\u0131nda i\u015f\u00e7i, serbest meslek ve m\u00fcstakil i\u015f sahibi T\u00fcrk vatanda\u015flar\u0131 dahil T\u00fcrkiye\u2019de kanuni yerle\u015fim yeri bulunan ger\u00e7ek ve t\u00fczel ki\u015fileri ifade eder. \u0130kamet tezkeresi ile T\u00fcrkiye\u2019de bulunan bir yabanc\u0131 da kanaatimizce bu kapsama girmektedir.<\/p>\n<p><strong>2. S\u00d6Z KONUSU KARAR HANG\u0130 S\u00d6ZLE\u015eMELER\u0130 KAPSAMAKTADIR?<\/strong><\/p>\n<p>T\u00fcrkiye\u2019deki yerle\u015fik ki\u015filerin kendi aralar\u0131ndaki menkul ve gayrimenkul al\u0131m sat\u0131m, ta\u015f\u0131t ve finansal kiralama dahil her t\u00fcrl\u00fc menkul ve gayrimenkul kiralama, leasing ile i\u015f, hizmet ve eser s\u00f6zle\u015fmelerini kapsamaktad\u0131r.<\/p>\n<p><strong>3. KARARDA YER ALAN \u201cD\u00d6V\u0130Z C\u0130NS\u0130NDEN VEYA D\u00d6V\u0130ZE ENDEKSL\u0130\u201d \u0130FADES\u0130 NE ANLAM TE\u015eK\u0130L ETMEKTED\u0130R?<\/strong><\/p>\n<p>D\u00f6viz, efektif dahil yabanc\u0131 parayla \u00f6demeyi sa\u011flayan her nevi hesap, belge ve vas\u0131talar\u0131 ifade eder. Efektif, banknot \u015feklindeki b\u00fct\u00fcn yabanc\u0131 \u00fclke paralar\u0131n\u0131 ifade eder. D\u00f6viz endeksli ise bir de\u011ferin yabanc\u0131 para birimine endekslenmesidir.<\/p>\n<p><strong>4. KARARIN Y\u00dcR\u00dcRL\u00dc\u011eE G\u0130RD\u0130\u011e\u0130 TAR\u0130HTEN \u0130T\u0130BAREN OTUZ G\u00dcN \u0130\u00c7\u0130NDE S\u00d6ZLE\u015eMEN\u0130N TARAFLARI ANLA\u015eAMAZLARSA \u0130LG\u0130L\u0130 S\u00d6ZLE\u015eMEN\u0130N AKIBETI NE OLUR?<\/strong><\/p>\n<p>Konu ile ilgili olarak anla\u015fma ko\u015fullar\u0131na ve anla\u015famaman\u0131n sonu\u00e7lar\u0131na ili\u015fkin k\u0131sa zamanda alt hukuki d\u00fczenlemeler yap\u0131lmas\u0131 beklenmektedir.<\/p>\n<p><strong>5. KARAR KAPSAMINDAK\u0130 S\u00d6ZLE\u015eME BEDELLER\u0130 VE BU S\u00d6ZLE\u015eMELERDEN KAYNAKLANAN D\u0130\u011eER \u00d6DEMELER EMT\u0130A ARACILI\u011eI \u0130LE YAPILAB\u0130L\u0130R M\u0130?<\/strong><\/p>\n<p>Kanaatimizce kararda say\u0131lan s\u00f6zle\u015fmelerin ve bu s\u00f6zle\u015fmelerden kaynaklanan di\u011fer \u00f6deme y\u00fck\u00fcml\u00fcl\u00fcklerinin emtia arac\u0131l\u0131\u011f\u0131yla yap\u0131lmas\u0131nda bir engel yoktur.<\/p>\n<p><strong>6. \u0130LG\u0130L\u0130 D\u00dcZENLEMEN\u0130N KANUNUNLARIN GER\u0130YE Y\u00dcR\u00dcMEZL\u0130\u011e\u0130 \u0130LKES\u0130N\u0130 \u0130HLAL ETT\u0130\u011e\u0130 S\u00d6YLENEB\u0130L\u0130R M\u0130?<\/strong><\/p>\n<p>Geriye y\u00fcr\u00fcmezlik ilkesi; hukuk kurallar\u0131n\u0131n zaman bak\u0131m\u0131ndan uygulanmas\u0131na ili\u015fkin temel bir ilkedir. Bir kanunun ancak y\u00fcr\u00fcrl\u00fc\u011fe girdi\u011fi tarihten sonra ger\u00e7ekle\u015fen olay ve i\u015flemlere uygulanmas\u0131n\u0131 esas al\u0131r. Bu ilkenin amac\u0131 hukukun bir di\u011fer ana ilkesi olan hukuki g\u00fcvenirli\u011fe hizmet eder. Yap\u0131lan d\u00fczenlemenin, d\u00fczenleme tarihinden \u00f6nce halihaz\u0131rda akdedilmi\u015f (hatta uygulanmakta olan) s\u00f6zle\u015fmelere de uygulanmas\u0131 ve s\u00f6zle\u015fmenin taraflar\u0131na \u00e7ok k\u0131sa bir s\u00fcrede s\u00f6zle\u015fmelerini \u201cT\u00fcrk Liras\u0131\u201dna \u00e7evirmelerinin talep edilmesinin an\u0131lan ilkeyi ihlal etti\u011fini ve kamu d\u00fczeni veya menfaati gibi bir istisnai durum kapsam\u0131nda da de\u011ferlendirilemeyece\u011fi kanaatindeyiz.<\/p>\n<p><strong>7. \u0130LG\u0130L\u0130 D\u00dcZENLEMEN\u0130N MEVCUT S\u00d6ZLE\u015eMELERE ETK\u0130S\u0130 NED\u0130R?<\/strong><\/p>\n<p>\u0130lgili d\u00fczenleme sonucu mevcut s\u00f6zle\u015fmeler belirtilen tarih i\u00e7inde T\u00fcrk paras\u0131 olarak revize edilmelidir. D\u00fczenleme, revize etmemenin sonu\u00e7lar\u0131n\u0131 i\u00e7ermedi\u011finden, bu konuda ek d\u00fczenleme beklenmektedir.<\/p>\n<p><strong>8. \u0130LG\u0130L\u0130 D\u00dcZENLEMEN\u0130N UZUN VADEDE YARATAB\u0130LECE\u011e\u0130 ETK\u0130LER NELERD\u0130R?<\/strong><\/p>\n<p>Kararda belirtilen s\u00f6zle\u015fme t\u00fcrlerinin bedellerinin T\u00fcrk paras\u0131 \u00fczerinden belirlenecek olmas\u0131, T\u00fcrkiye\u2019de yerle\u015fik yabanc\u0131 ki\u015fileri ve yabanc\u0131 ortakl\u0131 t\u00fczel ki\u015fileri (\u00f6zellikle yat\u0131r\u0131m\u0131n\u0131 d\u00f6viz olarak \u00fclkesine g\u00f6t\u00fcrmek isteyen yat\u0131r\u0131mc\u0131 \u015firketleri), yabanc\u0131 para birimi ile yurtd\u0131\u015f\u0131ndan s\u00f6zle\u015fme konusu \u00fcr\u00fcn\u00fc tedarik etmek zorunda olanlar\u0131, \u00fcr\u00fcn\u00fcn \u00f6zelli\u011fi gere\u011fi ticaretinin yabanc\u0131 para birimine endeksli oldu\u011fu alanlarda ticaret yapanlar\u0131 olumsuz etkileyebilir.<\/p>","protected":false},"excerpt":{"rendered":"<p>G\u0130R\u0130\u015e 13 Eyl\u00fcl 2018 Tarihli ve 30534 Say\u0131l\u0131 Resm\u00ee Gazete\u2019de yay\u0131nlanan, Cumhurba\u015fkan\u0131\u2019n\u0131n 2018\/85 say\u0131l\u0131 karar\u0131 ile, T\u00fcrk Paras\u0131 K\u0131ymetini Koruma Hakk\u0131nda 32 Say\u0131l\u0131 Karar\u2019\u0131n 4. maddesine g bendi eklenmi\u015ftir. Buna g\u00f6re, T\u00fcrkiye\u2019de yerle\u015fik ki\u015filerin, Bakanl\u0131k\u00e7a belirlenen haller d\u0131\u015f\u0131nda, ilgili maddede say\u0131lan t\u00fcrden s\u00f6zle\u015fmelerin bedelleri ve bu s\u00f6zle\u015fmelerden kaynaklanan di\u011fer y\u00fck\u00fcml\u00fcl\u00fckleri d\u00f6viz cinsinden veya d\u00f6vize endeksli [&hellip;]<\/p>","protected":false},"author":1,"featured_media":7997,"comment_status":"closed","ping_status":"open","sticky":false,"template":"","format":"standard","meta":{"footnotes":""},"categories":[9],"tags":[],"class_list":["post-8376","post","type-post","status-publish","format-standard","has-post-thumbnail","hentry","category-genel-hukuk"],"_links":{"self":[{"href":"https:\/\/www.eyuboglubuyukatak.av.tr\/en\/wp-json\/wp\/v2\/posts\/8376","targetHints":{"allow":["GET"]}}],"collection":[{"href":"https:\/\/www.eyuboglubuyukatak.av.tr\/en\/wp-json\/wp\/v2\/posts"}],"about":[{"href":"https:\/\/www.eyuboglubuyukatak.av.tr\/en\/wp-json\/wp\/v2\/types\/post"}],"author":[{"embeddable":true,"href":"https:\/\/www.eyuboglubuyukatak.av.tr\/en\/wp-json\/wp\/v2\/users\/1"}],"replies":[{"embeddable":true,"href":"https:\/\/www.eyuboglubuyukatak.av.tr\/en\/wp-json\/wp\/v2\/comments?post=8376"}],"version-history":[{"count":0,"href":"https:\/\/www.eyuboglubuyukatak.av.tr\/en\/wp-json\/wp\/v2\/posts\/8376\/revisions"}],"wp:featuredmedia":[{"embeddable":true,"href":"https:\/\/www.eyuboglubuyukatak.av.tr\/en\/wp-json\/wp\/v2\/media\/7997"}],"wp:attachment":[{"href":"https:\/\/www.eyuboglubuyukatak.av.tr\/en\/wp-json\/wp\/v2\/media?parent=8376"}],"wp:term":[{"taxonomy":"category","embeddable":true,"href":"https:\/\/www.eyuboglubuyukatak.av.tr\/en\/wp-json\/wp\/v2\/categories?post=8376"},{"taxonomy":"post_tag","embeddable":true,"href":"https:\/\/www.eyuboglubuyukatak.av.tr\/en\/wp-json\/wp\/v2\/tags?post=8376"}],"curies":[{"name":"wp","href":"https:\/\/api.w.org\/{rel}","templated":true}]}}