{"id":8361,"date":"2021-03-16T17:36:50","date_gmt":"2021-03-16T17:36:50","guid":{"rendered":"http:\/\/www.eyuboglubuyukatak.av.tr\/?p=8361"},"modified":"2023-12-12T16:56:38","modified_gmt":"2023-12-12T13:56:38","slug":"30-12-2016-tarih-29934-atanan-resmi-gazetede-yayinlanabildigi-acik-olan-alisveris-merkezleri-hakkinda-yonetmelikte-degisiklik-yapilmasi-dair-yonetmelik","status":"publish","type":"post","link":"https:\/\/www.eyuboglubuyukatak.av.tr\/en\/30-12-2016-tarih-29934-atanan-resmi-gazetede-yayinlanabildigi-acik-olan-alisveris-merkezleri-hakkinda-yonetmelikte-degisiklik-yapilmasi-dair-yonetmelik\/","title":{"rendered":"30.12.2016 tarih, 29934 atanan Resmi Gazete&#8217;de yay\u0131nlanabildi\u011fi a\u00e7\u0131k olan, \u201cAl\u0131\u015fveri\u015f Merkezleri Hakk\u0131nda Y\u00f6netmelikte De\u011fi\u015fiklik Yap\u0131lmas\u0131 Dair Y\u00f6netmelik"},"content":{"rendered":"<p><strong>G\u0130R\u0130\u015e<\/strong><\/p>\n<p>30.12.2016 tarih, 29934 say\u0131l\u0131 Resmi Gazete\u2019de yay\u0131mlanarak y\u00fcr\u00fcrl\u00fc\u011fe giren, \u201cAl\u0131\u015fveri\u015f Merkezleri Hakk\u0131nda Y\u00f6netmelikte De\u011fi\u015fiklik Yap\u0131lmas\u0131na Dair Y\u00f6netmelik\u201d ortak kullan\u0131m alanlar\u0131n\u0131n giderlerine, a\u00e7\u0131k ve kapal\u0131 otopark g\u00fcvenli\u011fine ili\u015fkin olarak 26\/2\/2016 tarihli ve 29636 say\u0131l\u0131 Resm\u00ee Gazete\u2019de yay\u0131mlanarak y\u00fcr\u00fcrl\u00fc\u011fe giren Al\u0131\u015fveri\u015f Merkezleri Hakk\u0131nda Y\u00f6netmeli\u011fin baz\u0131 maddelerinde de\u011fi\u015fikli\u011fe ve eklemelere gidilmi\u015ftir.<\/p>\n<p>Bu yeni y\u00f6netmeli\u011fe g\u00f6re, ortak kullan\u0131m alanlar\u0131 baz\u0131 giderlerinin perakende i\u015fletmelerin sat\u0131\u015f alanlar\u0131n\u0131n al\u0131\u015fveri\u015f merkezinin sat\u0131\u015f alan\u0131na oran\u0131 \u00f6l\u00e7\u00fcs\u00fcnde payla\u015ft\u0131r\u0131laca\u011f\u0131 ve bunlar d\u0131\u015f\u0131nda perakende i\u015fletmelerden kat\u0131l\u0131m pay\u0131 talep edilebilmesinin, bu hususun, taraflar aras\u0131ndaki s\u00f6zle\u015fmede belirtilmi\u015f olmas\u0131na ba\u011fl\u0131 olaca\u011f\u0131 \u015feklinde d\u00fczenleme yap\u0131lm\u0131\u015ft\u0131r.<\/p>\n<p>\u0130\u015fbu soru cevap yaz\u0131m\u0131z \u201cAl\u0131\u015fveri\u015f Merkezleri Hakk\u0131nda Y\u00f6netmelikte De\u011fi\u015fiklik Yap\u0131lmas\u0131na Dair Y\u00f6netmelik\u201d ile yap\u0131lan de\u011fi\u015fiklikleri ve yenilikleri de\u011ferlendirilecektir.<\/p>\n<p><strong>1.Hangi ortak giderler, perakende i\u015fletmelerin sat\u0131\u015f alanlar\u0131n\u0131n al\u0131\u015fveri\u015f merkezinin sat\u0131\u015f alan\u0131na oran\u0131 \u00f6l\u00e7\u00fcs\u00fcnde payla\u015ft\u0131r\u0131l\u0131r?<\/strong>Ortak kullan\u0131m alanlar\u0131na ili\u015fkin elektrik, su, \u0131s\u0131nma, yenileme niteli\u011finde olmayan bak\u0131m-onar\u0131m, g\u00fcvenlik ve temizlik gibi belirli d\u00f6nemlerde tekrarlanan ve al\u0131\u015fveri\u015f merkezinin ayn\u0131na ili\u015fkin olmayan ortak giderler.<\/p>\n<p><strong>2. Bu giderlerin yukar\u0131da belirtildi\u011fi \u015fekilde payla\u015ft\u0131r\u0131lmas\u0131n\u0131n bir \u015fart\u0131 var m\u0131d\u0131r?<\/strong><br \/>\nBu giderler, al\u0131\u015fveri\u015f merkezindeki perakende i\u015fletmeler ile al\u0131\u015fveri\u015f merkezi y\u00f6netimi taraf\u0131ndan oy birli\u011fiyle bir gider payla\u015f\u0131m usul\u00fc belirlenmemi\u015f olmas\u0131 durumunda perakende i\u015fletmelerin sat\u0131\u015f alanlar\u0131n\u0131n al\u0131\u015fveri\u015f merkezinin sat\u0131\u015f alan\u0131na oran\u0131 \u00f6l\u00e7\u00fcs\u00fcnde payla\u015ft\u0131r\u0131l\u0131r.<\/p>\n<p><strong>3. Taraflar aras\u0131nda m\u00fc\u015ftereken belirlenen gider payla\u015f\u0131m usul\u00fcn\u00fcn ge\u00e7erlilik s\u00fcresi nedir?<\/strong><br \/>\nBu gider payla\u015f\u0131m usul\u00fc en fazla be\u015f y\u0131l s\u00fcreyle uygulanacakt\u0131r.<\/p>\n<p><strong>4. Y\u00f6netmelikteki \u201cKat\u0131l\u0131m Pay\u0131\u201d neyi ifade etmektedir? <\/strong><br \/>\nAl\u0131\u015fveri\u015f merkezindeki perakende i\u015fletmelerden, birinci sorudaki ortak giderler d\u0131\u015f\u0131nda kalan pazarlama ve y\u00f6netim gibi ortak faydaya y\u00f6nelik hizmetler i\u00e7in al\u0131nan bedelleri ifade eder.<\/p>\n<p><strong>5. Al\u0131\u015fveri\u015f merkezindeki perakende i\u015fletmelerden, bu kat\u0131l\u0131m pay\u0131 talep edilebilmesinin \u015fart\u0131 nedir? <\/strong><br \/>\nAl\u0131\u015fveri\u015f merkezindeki perakende i\u015fletmelerden, ilgili kat\u0131l\u0131m pay\u0131n\u0131n talep edilebilmesi, bu hususun, taraflar aras\u0131ndaki s\u00f6zle\u015fmede belirtilmi\u015f olmas\u0131na ba\u011fl\u0131d\u0131r.<\/p>\n<p><strong>6. Kat\u0131l\u0131m pay\u0131n\u0131n hesaplanma usul\u00fc nedir?<\/strong><br \/>\nTaraflar aras\u0131ndaki s\u00f6zle\u015fmede aksi belirtilmedik\u00e7e perakende i\u015fletmelerin bu giderlere kat\u0131l\u0131m pay\u0131 perakende i\u015fletmelerin sat\u0131\u015f alanlar\u0131n\u0131n al\u0131\u015fveri\u015f merkezinin sat\u0131\u015f alan\u0131na oran\u0131 \u00f6l\u00e7\u00fcs\u00fcne g\u00f6re hesaplan\u0131r.<\/p>\n<p><strong>7. Al\u0131\u015fveri\u015f Merkezi Y\u00f6netiminin ortak giderleri ile ortak kullan\u0131m alan\u0131 gelirlerine ili\u015fkin bir rapor haz\u0131rlama y\u00fck\u00fcml\u00fcl\u00fc\u011f\u00fc var m\u0131d\u0131r? <\/strong><br \/>\nAl\u0131\u015fveri\u015f merkezi y\u00f6netimince her y\u0131l mart ay\u0131 sonuna kadar, bir \u00f6nceki y\u0131l\u0131n ortak giderleri ile ortak kullan\u0131m alan\u0131 gelirlerine ili\u015fkin rapor haz\u0131rlanarak al\u0131\u015fveri\u015f merkezindeki perakende i\u015fletmelere g\u00f6nderme y\u00fck\u00fcml\u00fcl\u00fc\u011f\u00fc bulunmaktad\u0131r.<\/p>\n<p><strong>8. Bu raporun i\u00e7eri\u011fi nas\u0131l olmal\u0131d\u0131r? <\/strong><br \/>\nRaporda;<br \/>\n-Her bir perakende i\u015fletmeden tahsil edilmesi gereken ve tahsil edilen ortak gider kat\u0131l\u0131m paylar\u0131na,<br \/>\n-Ortak kullan\u0131m alanlar\u0131ndan elde edilen gelirlere,<br \/>\n-Ortak gider kat\u0131l\u0131m pay\u0131ndan yap\u0131lan \u00f6demelere ili\u015fkin bilgiler ile her bir gider t\u00fcr\u00fc i\u00e7in ortak gider hesaplamalar\u0131na yer verilir.<\/p>\n<p><strong>9. Perakende i\u015fletmeler rapora ili\u015fkin birer \u00f6rnek alabilirler mi? <\/strong><br \/>\nPerakende i\u015fletmelerce talep edilmesi halinde, ortak kullan\u0131m alanlar\u0131ndan elde edilen gelirler ile ortak gider kat\u0131l\u0131m paylar\u0131ndan yap\u0131lan \u00f6demelere ili\u015fkin belgelerin birer \u00f6rne\u011fi al\u0131\u015fveri\u015f merkezi y\u00f6netimince perakende i\u015fletmelere verilir.<\/p>\n<p><strong>10. Perakende i\u015fletmelerden tahsil edilmesi gerekenden daha az ortak gider kat\u0131l\u0131m pay\u0131 tahsil edilmesi durumunda ne olacakt\u0131r?<\/strong> Tahsil edilmeyen k\u0131s\u0131m i\u015fyeri malikince kar\u015f\u0131lan\u0131r.<\/p>\n<p><strong>11. 2016 y\u0131l\u0131na ait ortak giderler i\u00e7in avans olarak al\u0131nan bedellerin mahsubu nas\u0131l yap\u0131lacakt\u0131r? <\/strong><br \/>\nBunlar\u0131n mahsuplar\u0131, al\u0131\u015fveri\u015f merkezindeki perakende i\u015fletmeler ile al\u0131\u015fveri\u015f merkezi y\u00f6netimi taraf\u0131ndan oy birli\u011fiyle bir gider payla\u015f\u0131m usul\u00fc belirlenmemi\u015f olmas\u0131 durumunda perakende i\u015fletmelerin sat\u0131\u015f alanlar\u0131n\u0131n al\u0131\u015fveri\u015f merkezinin sat\u0131\u015f alan\u0131na oran\u0131 \u00f6l\u00e7\u00fcs\u00fcnde yap\u0131lacakt\u0131r.<\/p>\n<p><strong>12. Al\u0131\u015fveri\u015f merkezlerinde \u201cPlaka tan\u0131ma sistemi\u201d nas\u0131l kullan\u0131lacakt\u0131r?<\/strong><br \/>\nAl\u0131\u015fveri\u015f merkezlerinde ara\u00e7la giri\u015f \u00e7\u0131k\u0131\u015f yap\u0131lan a\u00e7\u0131k ve kapal\u0131 otopark gibi kontroll\u00fc alanlar\u0131n giri\u015f ve \u00e7\u0131k\u0131\u015flar\u0131na al\u0131\u015fveri\u015f merkezi y\u00f6netimi taraf\u0131ndan plaka tan\u0131ma sistemi kurulmas\u0131 ve i\u015fletilmesi sa\u011flan\u0131r. Bu sistemden elde edilen veriler kolluk birimleri ile anl\u0131k olarak payla\u015f\u0131l\u0131r.<\/p>\n<p><strong>13. Ara\u00e7 alt\u0131 g\u00f6r\u00fcnt\u00fcleme sistemi nedir?<\/strong><br \/>\n\u0130\u00e7i\u015fleri Bakanl\u0131\u011f\u0131nca kamu g\u00fcvenli\u011fi a\u00e7\u0131s\u0131ndan gerekli g\u00f6r\u00fclen al\u0131\u015fveri\u015f merkezlerinde, ara\u00e7la giri\u015f \u00e7\u0131k\u0131\u015f yap\u0131lan a\u00e7\u0131k ve kapal\u0131 otopark gibi kontroll\u00fc alanlar\u0131n giri\u015flerine al\u0131\u015fveri\u015f merkezi y\u00f6netimi taraf\u0131ndan bu sistemin kurulmas\u0131 ve i\u015fletilmesi sa\u011flanacak olan bu sistem, \u00f6zelliklerine g\u00f6re de\u011fi\u015fmekle birlikte ara\u00e7lar\u0131n tan\u0131nmas\u0131n\u0131, altlar\u0131n\u0131n kontrol edilmesini, elde edilen ara\u00e7 alt\u0131 g\u00f6r\u00fcnt\u00fclerinin daha \u00f6nceki ge\u00e7i\u015flerine ait g\u00f6r\u00fcnt\u00fclerle operat\u00f6r taraf\u0131ndan kar\u015f\u0131la\u015ft\u0131rarak farkl\u0131l\u0131klar\u0131n tespit edilmesini, ekrana gelen bilgiler \u0131\u015f\u0131\u011f\u0131nda Giri\u015f\/Ret karar\u0131n\u0131n verilmesini, giri\u015flerin kay\u0131t alt\u0131na al\u0131nmas\u0131 ve raporlanabilmesini sa\u011flar.<\/p>","protected":false},"excerpt":{"rendered":"<p>G\u0130R\u0130\u015e 30.12.2016 tarih, 29934 say\u0131l\u0131 Resmi Gazete\u2019de yay\u0131mlanarak y\u00fcr\u00fcrl\u00fc\u011fe giren, \u201cAl\u0131\u015fveri\u015f Merkezleri Hakk\u0131nda Y\u00f6netmelikte De\u011fi\u015fiklik Yap\u0131lmas\u0131na Dair Y\u00f6netmelik\u201d ortak kullan\u0131m alanlar\u0131n\u0131n giderlerine, a\u00e7\u0131k ve kapal\u0131 otopark g\u00fcvenli\u011fine ili\u015fkin olarak 26\/2\/2016 tarihli ve 29636 say\u0131l\u0131 Resm\u00ee Gazete\u2019de yay\u0131mlanarak y\u00fcr\u00fcrl\u00fc\u011fe giren Al\u0131\u015fveri\u015f Merkezleri Hakk\u0131nda Y\u00f6netmeli\u011fin baz\u0131 maddelerinde de\u011fi\u015fikli\u011fe ve eklemelere gidilmi\u015ftir. Bu yeni y\u00f6netmeli\u011fe g\u00f6re, ortak kullan\u0131m [&hellip;]<\/p>","protected":false},"author":1,"featured_media":7997,"comment_status":"closed","ping_status":"open","sticky":false,"template":"","format":"standard","meta":{"footnotes":""},"categories":[9],"tags":[],"class_list":["post-8361","post","type-post","status-publish","format-standard","has-post-thumbnail","hentry","category-genel-hukuk"],"_links":{"self":[{"href":"https:\/\/www.eyuboglubuyukatak.av.tr\/en\/wp-json\/wp\/v2\/posts\/8361","targetHints":{"allow":["GET"]}}],"collection":[{"href":"https:\/\/www.eyuboglubuyukatak.av.tr\/en\/wp-json\/wp\/v2\/posts"}],"about":[{"href":"https:\/\/www.eyuboglubuyukatak.av.tr\/en\/wp-json\/wp\/v2\/types\/post"}],"author":[{"embeddable":true,"href":"https:\/\/www.eyuboglubuyukatak.av.tr\/en\/wp-json\/wp\/v2\/users\/1"}],"replies":[{"embeddable":true,"href":"https:\/\/www.eyuboglubuyukatak.av.tr\/en\/wp-json\/wp\/v2\/comments?post=8361"}],"version-history":[{"count":0,"href":"https:\/\/www.eyuboglubuyukatak.av.tr\/en\/wp-json\/wp\/v2\/posts\/8361\/revisions"}],"wp:featuredmedia":[{"embeddable":true,"href":"https:\/\/www.eyuboglubuyukatak.av.tr\/en\/wp-json\/wp\/v2\/media\/7997"}],"wp:attachment":[{"href":"https:\/\/www.eyuboglubuyukatak.av.tr\/en\/wp-json\/wp\/v2\/media?parent=8361"}],"wp:term":[{"taxonomy":"category","embeddable":true,"href":"https:\/\/www.eyuboglubuyukatak.av.tr\/en\/wp-json\/wp\/v2\/categories?post=8361"},{"taxonomy":"post_tag","embeddable":true,"href":"https:\/\/www.eyuboglubuyukatak.av.tr\/en\/wp-json\/wp\/v2\/tags?post=8361"}],"curies":[{"name":"wp","href":"https:\/\/api.w.org\/{rel}","templated":true}]}}