{"id":8358,"date":"2021-03-16T17:28:30","date_gmt":"2021-03-16T17:28:30","guid":{"rendered":"http:\/\/www.eyuboglubuyukatak.av.tr\/?p=8358"},"modified":"2023-12-12T16:56:38","modified_gmt":"2023-12-12T13:56:38","slug":"08-11-2016-tarih-29882-verilen-resmi-gazetede-yayinlanabiliyorken-aciklandi-analik-izni-veya-ucretsiz-izin-sonrasi-sinirli-kismi-sureli-calismalar-hakkinda-yonetmelik","status":"publish","type":"post","link":"https:\/\/www.eyuboglubuyukatak.av.tr\/en\/08-11-2016-tarih-29882-verilen-resmi-gazetede-yayinlanabiliyorken-aciklandi-analik-izni-veya-ucretsiz-izin-sonrasi-sinirli-kismi-sureli-calismalar-hakkinda-yonetmelik\/","title":{"rendered":"08.11.2016 tarih, 29882 verilen Resmi Gazete&#8217;de yay\u0131nlanabiliyorken, a\u00e7\u0131kland\u0131, Anal\u0131k \u0130zni veya \u00dccretsiz \u0130zin Sonras\u0131 s\u0131n\u0131rl\u0131 K\u0131smi S\u00fcreli \u00c7al\u0131\u015fmalar Hakk\u0131nda Y\u00f6netmelik"},"content":{"rendered":"<p>08.11.2016 tarih, 29882 say\u0131l\u0131 Resmi Gazete\u2019de yay\u0131mlanarak y\u00fcr\u00fcrl\u00fc\u011fe giren, \u201cAnal\u0131k \u0130zni veya \u00dccretsiz \u0130zin Sonras\u0131 Yap\u0131lacak K\u0131smi S\u00fcreli \u00c7al\u0131\u015fmalar Hakk\u0131nda Y\u00f6netmelik\u201d ile 4857 say\u0131l\u0131 \u0130\u015f Kanununun 13 \u00fcnc\u00fc maddesinin be\u015finci f\u0131kras\u0131 kapsam\u0131nda olan k\u0131smi s\u00fcreli \u00e7al\u0131\u015fma, i\u015f\u00e7ileri ve i\u015fvereni kapsayacak \u015fekilde d\u00fczenlenmi\u015ftir.<\/p>\n<p>Bu yeni y\u00f6netmeli\u011fe g\u00f6re, ilgili kanun maddesi kapsam\u0131nda k\u0131smi s\u00fcreli \u00e7al\u0131\u015fma talebinde bulunan i\u015f\u00e7inin bu talebinin kar\u015f\u0131lanmas\u0131na ili\u015fkin usul ve esaslar belirlenmi\u015ftir.<\/p>\n<p>\u0130\u015fbu soru cevap yaz\u0131m\u0131z \u201cAnal\u0131k \u0130zni veya \u00dccretsiz \u0130zin Sonras\u0131 Yap\u0131lacak K\u0131smi S\u00fcreli \u00c7al\u0131\u015fmalar Hakk\u0131nda Y\u00f6netmelik\u201d ile yap\u0131lan d\u00fczenlemeler de\u011ferlendirilecektir.<\/p>\n<p><strong>1. Anal\u0131k izni hakk\u0131 s\u00fcresi ne kadard\u0131r?<\/strong> Kad\u0131n i\u015f\u00e7inin do\u011fumdan \u00f6nce 8, do\u011fumdan sonra 8 hafta olmak \u00fczere toplam 16 haftal\u0131k s\u00fcre i\u00e7in \u00e7al\u0131\u015ft\u0131r\u0131lmamas\u0131 esast\u0131r.<\/p>\n<p><strong>2. Do\u011fumdan \u00f6nceki 8 haftal\u0131k anal\u0131k izni s\u00fcresi kesin midir?<\/strong> Sa\u011fl\u0131k durumunun uygun oldu\u011funu doktor raporu ile belgelendirilmesi halinde kad\u0131n i\u015f\u00e7i isterse, do\u011fumundan \u00f6nceki 3 haftaya kadar i\u015fyerinde \u00e7al\u0131\u015fabilir. Bu durumda kad\u0131n i\u015f\u00e7inin \u00e7al\u0131\u015ft\u0131\u011f\u0131 s\u00fcreler do\u011fum sonras\u0131 s\u00fcrelere eklenir.<\/p>\n<p><strong>3. \u00dccretsiz izin hakk\u0131 nedir, ne zaman kullan\u0131l\u0131r?<\/strong> \u00dccretsiz izin hakk\u0131, anal\u0131k izninin bitiminden itibaren i\u015f\u00e7iye iste\u011fi halinde verilen izni ifade eder.<\/p>\n<p><strong>4. Ka\u00e7 farkl\u0131 \u00fccretsiz izin hakk\u0131 vard\u0131r?<\/strong> 2 farkl\u0131 \u00fccretsiz izin hakk\u0131 vard\u0131r;<\/p>\n<p>a) \u00c7al\u0131\u015fma s\u00fcresinin yar\u0131s\u0131 kadar izin hakk\u0131,<br \/>\nb) Alt\u0131 aya kadar \u00fccretsiz izin hakk\u0131.<\/p>\n<p><strong>5. Bu \u00fccretsiz izin haklar\u0131n\u0131 kimler kullanabilir?<\/strong> \u00c7ocu\u011fun hayatta olmas\u0131 kayd\u0131yla, kad\u0131n i\u015f\u00e7i ile 3 ya\u015f\u0131n\u0131 doldurmam\u0131\u015f \u00e7ocu\u011fu evlat edinen kad\u0131n veya erkek i\u015f\u00e7ilere istekleri halinde bu hak tan\u0131n\u0131r.<\/p>\n<p><strong>6. \u201c\u00c7al\u0131\u015fma s\u00fcresinin yar\u0131s\u0131 kadar\u201d izin hakk\u0131n\u0131n s\u00fcreleri ne kadard\u0131r?<\/strong> Birinci do\u011fumda 60 g\u00fcn, ikinci do\u011fumda 120 g\u00fcn, sonraki do\u011fumlarda ise 180 g\u00fcn s\u00fcreyle haftal\u0131k \u201c\u00e7al\u0131\u015fma s\u00fcresinin yar\u0131s\u0131 kadar\u201d \u00fccretsiz izin verilir.<\/p>\n<p><strong>7. Alt\u0131 aya kadar \u00fccretsiz izin hakk\u0131 nas\u0131l kullan\u0131l\u0131r?<\/strong> Kad\u0131n i\u015f\u00e7iye anal\u0131k izninin bitiminden itibaren iste\u011fi halinde 6 aya kadar \u00fccretsiz izin verilir.<\/p>\n<p><strong>8. Alt\u0131 aya kadar \u00fccretsiz izin hakk\u0131 kullan\u0131m\u0131nda y\u0131ll\u0131k \u00fccretli izin hakk\u0131 hesab\u0131 dikkate al\u0131n\u0131r m\u0131?<\/strong> Hay\u0131r, dikkate al\u0131nmaz.<\/p>\n<p><strong>9. K\u0131smi s\u00fcreli \u00e7al\u0131\u015fma izni nedir?<\/strong> \u0130\u015f\u00e7inin i\u015fyerinde, tam s\u00fcreli i\u015f s\u00f6zle\u015fmesi ile yap\u0131lan emsal \u00e7al\u0131\u015fman\u0131n 2\/3\u2019si oran\u0131na kadar yapt\u0131\u011f\u0131 \u00e7al\u0131\u015fmay\u0131 ifade etmektedir.<\/p>\n<p><strong>10. K\u0131smi s\u00fcreli \u00e7al\u0131\u015fma izni talebinde ne zaman bulunulabilir?<\/strong> \u0130\u015f\u00e7i, anal\u0131k izninin, \u00e7al\u0131\u015fma s\u00fcresinin yar\u0131s\u0131 kadar \u00fccretsiz izin hakk\u0131n\u0131n veya 6 aya kadar \u00fccretsiz izin hakk\u0131n\u0131n bitiminden itibaren \u00e7ocu\u011fun mecburi ilk\u00f6\u011fretim \u00e7a\u011f\u0131n\u0131n ba\u015flad\u0131\u011f\u0131 tarihi takip eden ay ba\u015f\u0131na kadar herhangi bir zamanda k\u0131smi s\u00fcreli \u00e7al\u0131\u015fma talebinde bulunabilir.<\/p>\n<p><strong>11. Ne zaman k\u0131smi s\u00fcreli \u00e7al\u0131\u015fma izni talebinde bulunulur?<\/strong> K\u0131smi s\u00fcreli \u00e7al\u0131\u015fma talebi, bu haktan faydalanmaya ba\u015flamadan en az, 1 ay \u00f6nce i\u015f\u00e7i taraf\u0131ndan yaz\u0131l\u0131 olarak i\u015fverene bildirilir.<\/p>\n<p><strong>12. K\u0131smi s\u00fcreli \u00e7al\u0131\u015fma izin talebinde neler bulunmal\u0131d\u0131r?<\/strong> K\u0131smi s\u00fcreli \u00e7al\u0131\u015fmaya ba\u015flayaca\u011f\u0131 tarih ile t\u00fcm i\u015f g\u00fcnlerinde \u00e7al\u0131\u015f\u0131lacak olmas\u0131 h\u00e2linde \u00e7al\u0131\u015fman\u0131n ba\u015flama ve biti\u015f saatleri, haftan\u0131n belirli g\u00fcnlerinde \u00e7al\u0131\u015f\u0131lacak olmas\u0131 h\u00e2linde ise tercih edilen i\u015f g\u00fcnleri yer al\u0131r. \u0130\u015f\u00e7i, e\u015finin \u00e7al\u0131\u015ft\u0131\u011f\u0131na dair belgeyi k\u0131smi s\u00fcreli \u00e7al\u0131\u015fma talebine eklemek zorundad\u0131r.<\/p>\n<p><strong>13. Di\u011fer ebeveyn \u00e7al\u0131\u015fmaz iken k\u0131smi s\u00fcreli \u00e7al\u0131\u015fma izni al\u0131nabilir mi?<\/strong> Hay\u0131r. Ebeveynlerden birinin \u00e7al\u0131\u015fmamas\u0131 h\u00e2linde, \u00e7al\u0131\u015fan e\u015f k\u0131smi s\u00fcreli \u00e7al\u0131\u015fma talebinde bulunamaz.<\/p>\n<p><strong>14. Di\u011fer ebeveynin \u00e7al\u0131\u015fmama durumunun istisnas\u0131 var m\u0131d\u0131r?<\/strong> Ebeveynlerden birinin \u00e7al\u0131\u015fma \u015fart\u0131;<\/p>\n<p>a) Ebeveynlerden birinin s\u00fcrekli bak\u0131m ve tedavisini gerektiren bir hastal\u0131\u011f\u0131n\u0131n olmas\u0131 ve bu hastal\u0131\u011f\u0131n tam te\u015fekk\u00fcll\u00fc hastane ya da \u00fcniversite hastanesinden al\u0131nacak doktor raporuyla belgelendirilmesi,<br \/>\nb) Velayetin mahkemece e\u015flerden birine verilmesi h\u00e2linde \u00e7ocu\u011fun velayetine sahip ebeveynin talepte bulunmas\u0131,<br \/>\nc) \u00dc\u00e7 ya\u015f\u0131n\u0131 doldurmam\u0131\u015f bir \u00e7ocu\u011fun m\u00fcnferiden evlat edinilmesi, h\u00e2llerinde aranmaz.<\/p>\n<p><strong>15. Yukar\u0131da say\u0131lm\u0131\u015f olan \u015fartlar\u0131n, k\u0131smi s\u00fcreli \u00e7al\u0131\u015fma izni al\u0131nd\u0131\u011f\u0131 s\u00fcre boyunca devam etmesi gerekir mi?<\/strong> K\u0131smi s\u00fcreli \u00e7al\u0131\u015fma talebi \u015fartlar\u0131, sadece ba\u015fvuru s\u0131ras\u0131nda aran\u0131r. Bu \u015fartlar\u0131n k\u0131smi s\u00fcreli \u00e7al\u0131\u015fma s\u0131ras\u0131nda kaybedilmesi durumunda s\u00f6z konusu hak devam eder.<\/p>\n<p><strong>16. \u0130\u015fveren, k\u0131smi s\u00fcreli \u00e7al\u0131\u015fma talebini ne kadar s\u00fcrede kar\u015f\u0131lamal\u0131d\u0131r?<\/strong> K\u0131smi s\u00fcreli \u00e7al\u0131\u015fma talebi, bildirim tarihinden itibaren en ge\u00e7 bir ay i\u00e7inde i\u015fveren taraf\u0131ndan kar\u015f\u0131lan\u0131r. \u0130\u015fveren; i\u015f\u00e7iye, talebin kar\u015f\u0131land\u0131\u011f\u0131n\u0131 yaz\u0131l\u0131 olarak bildirir.<\/p>\n<p><strong>17. \u0130\u015fveren, k\u0131smi s\u00fcreli \u00e7al\u0131\u015fma talebine s\u00fcresi i\u00e7inde cevap vermez ise, bu durumun sonucu nedir?<\/strong> Talep i\u015f\u00e7inin dilek\u00e7esinde belirtilen tarihte veya bu tarihi takip eden ilk i\u015f g\u00fcn\u00fcnde ge\u00e7erlilik kazan\u0131r.<\/p>\n<p><strong>18. K\u0131smi s\u00fcreli \u00e7al\u0131\u015fma talebi, ge\u00e7erli fesih nedeni say\u0131labilir mi?<\/strong> \u0130\u015f\u00e7inin belirtilen tarihte i\u015f edimini sunmaya ba\u015flamas\u0131 kayd\u0131yla k\u0131smi s\u00fcreli \u00e7al\u0131\u015fma talebi ge\u00e7erli fesih nedeni say\u0131lmaz.<\/p>\n<p><strong>19. Hangi i\u015flerde k\u0131smi s\u00fcreli \u00e7al\u0131\u015fma izni talebi, i\u015fverenin onay\u0131na tabidir?<\/strong><\/p>\n<p>a) \u00d6zel sa\u011fl\u0131k kurulu\u015flar\u0131nda ilgili mevzuat uyar\u0131nca mesul m\u00fcd\u00fcr, sorumlu hekim, laboratuvar sorumlusu ve sa\u011fl\u0131k hizmetinden say\u0131lan i\u015flerde tam zamanl\u0131 \u00e7al\u0131\u015fmas\u0131 \u00f6ng\u00f6r\u00fclenler taraf\u0131ndan yerine getirilen i\u015flerde,<br \/>\nb) Nitelikleri dolay\u0131s\u0131yla s\u00fcrekli \u00e7al\u0131\u015ft\u0131klar\u0131 i\u00e7in durmaks\u0131z\u0131n birbiri ard\u0131na postalar h\u00e2linde i\u015f\u00e7i \u00e7al\u0131\u015ft\u0131r\u0131larak y\u00fcr\u00fct\u00fclen sanayiden say\u0131lan i\u015flerde,<br \/>\nc) Nitelikleri dolay\u0131s\u0131yla bir y\u0131ldan az s\u00fcren mevsimlik, kampanya veya taahh\u00fct i\u015flerinde,<br \/>\nd) \u0130\u015f s\u00fcresinin haftan\u0131n \u00e7al\u0131\u015fma g\u00fcnlerine b\u00f6l\u00fcnmesi suretiyle y\u00fcr\u00fct\u00fclmesine nitelikleri bak\u0131m\u0131ndan uygun olmayan i\u015flerde, ancak i\u015fverenin uygun bulmas\u0131 h\u00e2linde yap\u0131labilir.<\/p>\n<p>Yukar\u0131da say\u0131lanlar harici i\u015flerde, i\u015fverenin uygun bulma \u015fart\u0131 aranmaks\u0131z\u0131n k\u0131smi s\u00fcreli \u00e7al\u0131\u015fma yap\u0131labilir.<\/p>\n<p><strong>20. K\u0131smi s\u00fcreli \u00e7al\u0131\u015fmadan, tam s\u00fcreli \u00e7al\u0131\u015fmaya ge\u00e7tikten sonra ayn\u0131 \u00e7ocuk i\u00e7in tekrar k\u0131smi s\u00fcreli \u00e7al\u0131\u015fma talebinde bulunulabilir mi?<\/strong> Hay\u0131r. K\u0131smi s\u00fcreli \u00e7al\u0131\u015fmaya ba\u015flayan i\u015f\u00e7i, ancak ayn\u0131 \u00e7ocuk i\u00e7in bir daha bu haktan faydalanmamak \u00fczere tam s\u00fcreli \u00e7al\u0131\u015fmaya d\u00f6nebilir.<\/p>\n<p><strong>21. K\u0131smi s\u00fcreli \u00e7al\u0131\u015fmadan, tam s\u00fcreli \u00e7al\u0131\u015fmaya nas\u0131l ge\u00e7ilir?<\/strong> Tam s\u00fcreli \u00e7al\u0131\u015fmaya geri d\u00f6nmek isteyen i\u015f\u00e7i, i\u015fverene en az bir ay \u00f6nce yaz\u0131l\u0131 olarak talebini bildirir.<\/p>\n<p><strong>22. \u0130\u015f\u00e7i, k\u0131smi s\u00fcreli \u00e7al\u0131\u015fma izninden tam s\u00fcreli \u00e7al\u0131\u015fmaya ge\u00e7mesi halinde, yerine al\u0131nan i\u015f\u00e7inin hukuki durumu ne olacakt\u0131r?<\/strong> Yerine al\u0131nan i\u015f\u00e7inin i\u015f s\u00f6zle\u015fmesi kendili\u011finden sona erer.<\/p>\n<p><strong>23. \u0130\u015f\u00e7i, k\u0131smi s\u00fcreli \u00e7al\u0131\u015fma izninde iken, i\u015f s\u00f6zle\u015fmesini feshetmesi halinde, yerine al\u0131nan i\u015f\u00e7inin hukuki durumu ne olacakt\u0131r?<\/strong>Yerine al\u0131nan i\u015f\u00e7inin i\u015f s\u00f6zle\u015fmesi yaz\u0131l\u0131 onay\u0131 olmas\u0131 ko\u015fuluyla fesih tarihinden itibaren belirsiz ve tam s\u00fcreli s\u00f6zle\u015fmeye d\u00f6n\u00fc\u015f\u00fcr.<\/p>\n<p><strong>24. K\u0131smi s\u00fcreli \u00e7al\u0131\u015fma izninde, \u00e7al\u0131\u015fma s\u00fcreleri kim taraf\u0131ndan, nas\u0131l belirlenir?<\/strong> K\u0131smi s\u00fcreli \u00e7al\u0131\u015fman\u0131n belirlenen g\u00fcnl\u00fck ve haftal\u0131k \u00e7al\u0131\u015fma s\u00fcresi i\u00e7erisinde yap\u0131laca\u011f\u0131 zaman aral\u0131\u011f\u0131, o yerin gelenekleri, i\u015f\u00e7inin yapmakta oldu\u011fu i\u015fin niteli\u011fi ve i\u015f\u00e7inin talebi dikkate al\u0131narak i\u015fveren taraf\u0131ndan belirlenir.<\/p>\n<p><strong>25. K\u0131smi s\u00fcreli \u00e7al\u0131\u015fma izninde \u00fccret \u00f6demesi neye g\u00f6re yap\u0131lacakt\u0131r?<\/strong> K\u0131smi s\u00fcreli \u00e7al\u0131\u015fan i\u015f\u00e7inin \u00fccret ve paraya ili\u015fkin b\u00f6l\u00fcnebilir menfaatleri \u00e7al\u0131\u015ft\u0131\u011f\u0131 s\u00fcreye orant\u0131l\u0131 olarak \u00f6denir.<\/p>\n<p>&nbsp;<\/p>","protected":false},"excerpt":{"rendered":"<p>08.11.2016 tarih, 29882 say\u0131l\u0131 Resmi Gazete\u2019de yay\u0131mlanarak y\u00fcr\u00fcrl\u00fc\u011fe giren, \u201cAnal\u0131k \u0130zni veya \u00dccretsiz \u0130zin Sonras\u0131 Yap\u0131lacak K\u0131smi S\u00fcreli \u00c7al\u0131\u015fmalar Hakk\u0131nda Y\u00f6netmelik\u201d ile 4857 say\u0131l\u0131 \u0130\u015f Kanununun 13 \u00fcnc\u00fc maddesinin be\u015finci f\u0131kras\u0131 kapsam\u0131nda olan k\u0131smi s\u00fcreli \u00e7al\u0131\u015fma, i\u015f\u00e7ileri ve i\u015fvereni kapsayacak \u015fekilde d\u00fczenlenmi\u015ftir. Bu yeni y\u00f6netmeli\u011fe g\u00f6re, ilgili kanun maddesi kapsam\u0131nda k\u0131smi s\u00fcreli \u00e7al\u0131\u015fma talebinde bulunan [&hellip;]<\/p>","protected":false},"author":1,"featured_media":7997,"comment_status":"closed","ping_status":"open","sticky":false,"template":"","format":"standard","meta":{"footnotes":""},"categories":[9],"tags":[],"class_list":["post-8358","post","type-post","status-publish","format-standard","has-post-thumbnail","hentry","category-genel-hukuk"],"_links":{"self":[{"href":"https:\/\/www.eyuboglubuyukatak.av.tr\/en\/wp-json\/wp\/v2\/posts\/8358","targetHints":{"allow":["GET"]}}],"collection":[{"href":"https:\/\/www.eyuboglubuyukatak.av.tr\/en\/wp-json\/wp\/v2\/posts"}],"about":[{"href":"https:\/\/www.eyuboglubuyukatak.av.tr\/en\/wp-json\/wp\/v2\/types\/post"}],"author":[{"embeddable":true,"href":"https:\/\/www.eyuboglubuyukatak.av.tr\/en\/wp-json\/wp\/v2\/users\/1"}],"replies":[{"embeddable":true,"href":"https:\/\/www.eyuboglubuyukatak.av.tr\/en\/wp-json\/wp\/v2\/comments?post=8358"}],"version-history":[{"count":0,"href":"https:\/\/www.eyuboglubuyukatak.av.tr\/en\/wp-json\/wp\/v2\/posts\/8358\/revisions"}],"wp:featuredmedia":[{"embeddable":true,"href":"https:\/\/www.eyuboglubuyukatak.av.tr\/en\/wp-json\/wp\/v2\/media\/7997"}],"wp:attachment":[{"href":"https:\/\/www.eyuboglubuyukatak.av.tr\/en\/wp-json\/wp\/v2\/media?parent=8358"}],"wp:term":[{"taxonomy":"category","embeddable":true,"href":"https:\/\/www.eyuboglubuyukatak.av.tr\/en\/wp-json\/wp\/v2\/categories?post=8358"},{"taxonomy":"post_tag","embeddable":true,"href":"https:\/\/www.eyuboglubuyukatak.av.tr\/en\/wp-json\/wp\/v2\/tags?post=8358"}],"curies":[{"name":"wp","href":"https:\/\/api.w.org\/{rel}","templated":true}]}}