{"id":8342,"date":"2021-03-16T22:03:24","date_gmt":"2021-03-16T22:03:24","guid":{"rendered":"http:\/\/www.eyuboglubuyukatak.av.tr\/?p=8342"},"modified":"2023-12-12T16:56:37","modified_gmt":"2023-12-12T13:56:37","slug":"07-12-2020-tarihli-fransa-ulusal-bilisim-ve-ozgurlukler-komisyonunun-google-kararinin-degerlendirilmesi","status":"publish","type":"post","link":"https:\/\/www.eyuboglubuyukatak.av.tr\/en\/07-12-2020-tarihli-fransa-ulusal-bilisim-ve-ozgurlukler-komisyonunun-google-kararinin-degerlendirilmesi\/","title":{"rendered":"07.12.2020 Tarihli Fransa Ulusal Bili\u015fim ve \u00d6zg\u00fcrl\u00fckler Komisyonu\u2019nun Google Karar\u0131\u2019n\u0131n De\u011ferlendirilmesi"},"content":{"rendered":"<p>16 Mart 2020 tarihinde, Fransa\u2019da Google.fr web sitesinde bir \u00e7evrimi\u00e7i ara\u015ft\u0131rma y\u00fcr\u00fct\u00fclm\u00fc\u015f ve web sitesini ziyaret eden bir kullan\u0131c\u0131, \u00e7erezlerin herhangi bir i\u015flem yapmadan bilgisayar\u0131na otomatik olarak yerle\u015ftirildi\u011fini ve bu \u00e7erezlerden birka\u00e7\u0131n\u0131n reklam ama\u00e7l\u0131 kullan\u0131ld\u0131\u011f\u0131n\u0131 fark etmesi neticesinde CNIL\u2019a \u015fikayette bulunmu\u015ftur. \u015eik\u00e2yet \u00fczerine, yapt\u0131r\u0131mlar\u0131n uygulanmas\u0131ndan sorumlu olan CNIL\u2019in ilgili komitesi, bilgisayara otomatik olarak yerle\u015ftirilen \u00e7erezlerin Frans\u0131z Veri Koruma Yasas\u0131&#8217;n\u0131 \u00fc\u00e7 farkl\u0131 \u015fekilde ihlal etti\u011fini belirtmi\u015ftir. \u015e\u00f6yle ki;<\/p>\n<p><strong>1) Kullan\u0131c\u0131n\u0131n \u00d6nceden Onay\u0131 Al\u0131nmaks\u0131z\u0131n \u00c7erezlerin Depolanmas\u0131<\/strong><\/p>\n<p>Bir kullan\u0131c\u0131 Google.fr web sitesini ziyaret etti\u011finde, reklam ama\u00e7l\u0131 kullan\u0131lan birka\u00e7 \u00e7erezi herhangi bir i\u015flem yapmas\u0131na gerek kalmadan otomatik olarak bilgisayar\u0131na yerle\u015ftirildi\u011fini fark etmi\u015ftir. Bu t\u00fcr \u00e7erezler ancak ve ancak kullan\u0131c\u0131n\u0131n r\u0131zas\u0131 al\u0131nd\u0131ktan yerle\u015ftirilebildi\u011fi i\u00e7in ilgili komite, \u015firketlerin \u00f6nceden izin alma zorunlu\u011fuyla ilgili Frans\u0131z Veri Koruma Yasas\u0131&#8217;n\u0131n 82. maddesinde \u00f6ng\u00f6r\u00fclen \u015fartlara uymad\u0131\u011f\u0131n\u0131 tespit etmi\u015ftir.<\/p>\n<p><strong>2) Google.fr Arama Motoru Taraf\u0131ndan Kullan\u0131c\u0131lar\u0131na Sa\u011flanan Bilgi Eksikli\u011fi<\/strong><\/p>\n<p>Kullan\u0131c\u0131 Google.fr sayfas\u0131n\u0131 ziyaret etti\u011finde, sayfan\u0131n alt\u0131nda &#8220;Google&#8217;dan gizlilik hat\u0131rlat\u0131c\u0131s\u0131&#8221; notunun yer ald\u0131\u011f\u0131 bir bilgi \u015feridi olan ve \u00f6n\u00fcnde iki d\u00fc\u011fme bulunan: &#8220;Daha sonra hat\u0131rlat&#8221; ve &#8220;\u015eimdi eri\u015fin&#8221; butonlar\u0131 bulunmaktad\u0131r. Bu ba\u015fl\u0131k, kullan\u0131c\u0131 siteye girdi\u011finde bilgisayar\u0131na zaten yerle\u015ftirilmi\u015f olan \u00e7erezlerle ilgili herhangi bir bilgi vermemekteyse de kullan\u0131c\u0131 taraf\u0131ndan &#8220;\u015eimdi eri\u015fin&#8221; butonuna t\u0131kland\u0131\u011f\u0131nda yine kullan\u0131c\u0131ya konuyla ilgili herhangi bir bilgi sa\u011flanmad\u0131\u011f\u0131 tespit edilmi\u015ftir. Bundan dolay\u0131 ilgili komite, \u015firketler taraf\u0131ndan sa\u011flanan bilgilerin Fransa&#8217;daki kullan\u0131c\u0131lar\u0131n bilgisayarlar\u0131na \u00e7erezlerin depolanmas\u0131 konusunda \u00f6nceden net bir \u015fekilde bilgilendirilmedi\u011fini veya bu \u00e7erezlerin yerle\u015ftirilme ama\u00e7lar\u0131 hakk\u0131nda bilgilendirilme yap\u0131lmad\u0131\u011f\u0131n\u0131 tespit etmi\u015ftir.<\/p>\n<p><strong>3) &#8220;Z\u0131tl\u0131k&#8221; Mekanizmas\u0131n\u0131n K\u0131smi Ba\u015far\u0131s\u0131zl\u0131\u011f\u0131<\/strong><\/p>\n<p>Kullan\u0131c\u0131n\u0131n, &#8220;\u015eimdi eri\u015fin&#8221; butonundan mevcut mekanizmay\u0131 kullanarak Google aramas\u0131ndaki reklam ki\u015fiselle\u015ftirmeyi devre d\u0131\u015f\u0131 b\u0131rakt\u0131\u011f\u0131nda reklam \u00e7erezlerinden birinin hala bilgisayar\u0131nda saklan\u0131yor oldu\u011funu ve ba\u011fl\u0131 oldu\u011fu sunucuya y\u00f6nelik bilgileri okumaya devam etti\u011fi tespit edilmi\u015ftir. Bundan dolay\u0131 komite, \u015firketler taraf\u0131ndan kurulan &#8220;Z\u0131tl\u0131k&#8221; mekanizmas\u0131n\u0131n k\u0131smen kusurlu oldu\u011funu ve Frans\u0131z Veri Koruma Yasas\u0131&#8217;n\u0131n 82. maddesini ihlal etti\u011fini tespit etmi\u015ftir.<\/p>\n<p><strong>\u0130lgili Komite Taraf\u0131ndan Uygulanan Yapt\u0131r\u0131m<\/strong><\/p>\n<p>\u0130lgili komite, \u00fc\u00e7 y\u00f6nden incelenen bu Frans\u0131z Veri Koruma Yasas\u0131 82. maddesinin ihlalinden dolay\u0131 GOOGLE LLC&#8217;ye 60 milyon Euro ve GOOGLE IRELAND LIMITED&#8217;e 40 milyon Euro&#8217;luk bir para cezas\u0131 vermi\u015ftir. Reklam \u00e7erezleri taraf\u0131ndan toplanan verilerden dolayl\u0131 olarak \u015firketler taraf\u0131ndan reklam gelirlerinden elde edilen \u00f6nemli kazan\u00e7lar\u0131na dikkat \u00e7ekerken Fransa&#8217;da Google arama motorunun kapsam\u0131n\u0131 ve \u015firketlerin uygulamalar\u0131n\u0131n yakla\u015f\u0131k elli milyon kullan\u0131c\u0131y\u0131 etkiledi\u011fini belirtmi\u015ftir.<\/p>\n<p>Eyl\u00fcl 2020 tarihinde gelen g\u00fcncellemeden beri \u015eirketlerin Google.fr sayfas\u0131na bir kullan\u0131c\u0131 geldi\u011finde otomatik olarak reklam \u00e7erezleri yerle\u015ftirmeyi b\u0131rakt\u0131klar\u0131n\u0131 belirtmi\u015ftir.<\/p>\n<p>Sonu\u00e7 olarak para cezalar\u0131na ek olarak ilgili komite, \u015firketlere karar\u0131n kendilerine tebli\u011finden itibaren \u00fc\u00e7 ay i\u00e7inde Frans\u0131z Veri Koruma Kanunu&#8217;nun 82. maddesi uyar\u0131nca kullan\u0131c\u0131lar\u0131n\u0131 gerekli seviyede bilgilendirmeleri gerekti\u011fi aksi takdirde \u015eirketlerin her gecikme g\u00fcn\u00fc i\u00e7in 100.000 Euro ceza \u00f6demesi yapmak zorunda kalaca\u011f\u0131n\u0131 bildirmi\u015ftir.<\/p>","protected":false},"excerpt":{"rendered":"<p>16 Mart 2020 tarihinde, Fransa\u2019da Google.fr web sitesinde bir \u00e7evrimi\u00e7i ara\u015ft\u0131rma y\u00fcr\u00fct\u00fclm\u00fc\u015f ve web sitesini ziyaret eden bir kullan\u0131c\u0131, \u00e7erezlerin herhangi bir i\u015flem yapmadan bilgisayar\u0131na otomatik olarak yerle\u015ftirildi\u011fini ve bu \u00e7erezlerden birka\u00e7\u0131n\u0131n reklam ama\u00e7l\u0131 kullan\u0131ld\u0131\u011f\u0131n\u0131 fark etmesi neticesinde CNIL\u2019a \u015fikayette bulunmu\u015ftur. \u015eik\u00e2yet \u00fczerine, yapt\u0131r\u0131mlar\u0131n uygulanmas\u0131ndan sorumlu olan CNIL\u2019in ilgili komitesi, bilgisayara otomatik olarak yerle\u015ftirilen \u00e7erezlerin [&hellip;]<\/p>","protected":false},"author":1,"featured_media":7997,"comment_status":"closed","ping_status":"open","sticky":false,"template":"","format":"standard","meta":{"footnotes":""},"categories":[29],"tags":[26,27,28],"class_list":["post-8342","post","type-post","status-publish","format-standard","has-post-thumbnail","hentry","category-kategori-1","tag-etiket1","tag-etiket2","tag-etiket3"],"_links":{"self":[{"href":"https:\/\/www.eyuboglubuyukatak.av.tr\/en\/wp-json\/wp\/v2\/posts\/8342","targetHints":{"allow":["GET"]}}],"collection":[{"href":"https:\/\/www.eyuboglubuyukatak.av.tr\/en\/wp-json\/wp\/v2\/posts"}],"about":[{"href":"https:\/\/www.eyuboglubuyukatak.av.tr\/en\/wp-json\/wp\/v2\/types\/post"}],"author":[{"embeddable":true,"href":"https:\/\/www.eyuboglubuyukatak.av.tr\/en\/wp-json\/wp\/v2\/users\/1"}],"replies":[{"embeddable":true,"href":"https:\/\/www.eyuboglubuyukatak.av.tr\/en\/wp-json\/wp\/v2\/comments?post=8342"}],"version-history":[{"count":0,"href":"https:\/\/www.eyuboglubuyukatak.av.tr\/en\/wp-json\/wp\/v2\/posts\/8342\/revisions"}],"wp:featuredmedia":[{"embeddable":true,"href":"https:\/\/www.eyuboglubuyukatak.av.tr\/en\/wp-json\/wp\/v2\/media\/7997"}],"wp:attachment":[{"href":"https:\/\/www.eyuboglubuyukatak.av.tr\/en\/wp-json\/wp\/v2\/media?parent=8342"}],"wp:term":[{"taxonomy":"category","embeddable":true,"href":"https:\/\/www.eyuboglubuyukatak.av.tr\/en\/wp-json\/wp\/v2\/categories?post=8342"},{"taxonomy":"post_tag","embeddable":true,"href":"https:\/\/www.eyuboglubuyukatak.av.tr\/en\/wp-json\/wp\/v2\/tags?post=8342"}],"curies":[{"name":"wp","href":"https:\/\/api.w.org\/{rel}","templated":true}]}}