{"id":8018,"date":"2021-03-16T22:09:37","date_gmt":"2021-03-16T22:09:37","guid":{"rendered":"http:\/\/www.eyuboglubuyukatak.av.tr\/?p=8018"},"modified":"2023-12-12T16:56:37","modified_gmt":"2023-12-12T13:56:37","slug":"yenilenen-whatsapp-kullanici-sozlesmesine-iliskin-kamuoyu-duyurusu","status":"publish","type":"post","link":"https:\/\/www.eyuboglubuyukatak.av.tr\/en\/yenilenen-whatsapp-kullanici-sozlesmesine-iliskin-kamuoyu-duyurusu\/","title":{"rendered":"Yenilenen WhatsApp Kullan\u0131c\u0131 S\u00f6zle\u015fmesine \u0130li\u015fkin Kamuoyu Duyurusu"},"content":{"rendered":"<p><strong>Kamuoyu Duyurusu Hakk\u0131nda<\/strong><\/p>\n<p>Ki\u015fisel Verileri Koruma Kurulu, 12.01.2021 tarihli ve 2021\/28 say\u0131l\u0131 karar\u0131 ile WhatsApp Inc. hakk\u0131nda re\u2019sen inceleme ba\u015flat\u0131lmas\u0131na karar vermi\u015ftir. Karara g\u00f6re;<\/p>\n<p>Verilerin i\u015flenmesi s\u00fcrecinde \u00fc\u00e7\u00fcnc\u00fc taraflarla veri payla\u015f\u0131m\u0131 hususunda Ki\u015fisel Verilerin Korunmas\u0131 Kanunu\u2019nun (\u201cKanun\u201d) 9. maddesinde d\u00fczenlenen ve ki\u015fisel verilerin ilginin a\u00e7\u0131k r\u0131zas\u0131na istinaden yurtd\u0131\u015f\u0131na aktar\u0131labilece\u011fine ili\u015fkin h\u00fckme ve Kanunun 3. maddesinde tan\u0131mlanan \u201ca\u00e7\u0131k r\u0131zan\u0131n \u00f6zg\u00fcr iradeyle a\u00e7\u0131klanmas\u0131\u201d \u015fart\u0131 a\u00e7\u0131s\u0131ndan bir ihl\u00e2l bulunup bulunmad\u0131\u011f\u0131,<\/p>\n<p>Yurtd\u0131\u015f\u0131nda bulunan bir ba\u015fka \u015firkete aktar\u0131m i\u00e7in \u00f6n ko\u015ful olarak istenen r\u0131zan\u0131n ve Kanun\u2019un 4. Maddesinde d\u00fczenlenmi\u015f olan \u201chukuka ve d\u00fcr\u00fcstl\u00fck kurallar\u0131na uygun olma\u201d, \u201cbelirli, a\u00e7\u0131k ve me\u015fru ama\u00e7lar i\u00e7in i\u015flenme\u201d ve \u201ci\u015flendikleri ama\u00e7la ba\u011flant\u0131l\u0131, s\u0131n\u0131rl\u0131 ve \u00f6l\u00e7\u00fcl\u00fc olma\u201d prensiplerinin ihl\u00e2l edilip edilmedi\u011fi,<\/p>\n<p>Kullan\u0131c\u0131 s\u00f6zle\u015fmesinin ilgili ki\u015fi konumundaki kullan\u0131c\u0131lara kar\u015f\u0131 \u00f6n ko\u015ful olarak ileri s\u00fcr\u00fclmesi nedeniyle Kurul taraf\u0131ndan bir\u00e7ok karar\u0131nda da vurgulanm\u0131\u015f olan a\u00e7\u0131k r\u0131zan\u0131n \u201chizmetin \u015fart\u0131na ba\u011flanamamas\u0131\u201d \u015fart\u0131yla ba\u011fda\u015f\u0131p ba\u011fda\u015fmad\u0131\u011f\u0131,<\/p>\n<p>Yurtd\u0131\u015f\u0131na aktar\u0131m konusunun ise yukar\u0131da izah edilen verilerin yurtd\u0131\u015f\u0131na aktar\u0131m\u0131nda \u00f6zel ve a\u00e7\u0131k r\u0131za aranmas\u0131 h\u00fckm\u00fcne ayk\u0131r\u0131 olup olmad\u0131\u011f\u0131 hakk\u0131nda inceleme ba\u015flat\u0131lmas\u0131 uygun g\u00f6r\u00fclm\u00fc\u015ft\u00fcr. S\u00fcre\u00e7 hakk\u0131nda 08.02.2021 tarihinde Kurul\u2019ca yeni bir de\u011ferlendirme yap\u0131laca\u011f\u0131 kamuoyuna duyurulmu\u015ftur.<\/p>\n<p><strong>Yorum<\/strong><\/p>\n<p>Kanun ki\u015fisel verilerin yurtd\u0131\u015f\u0131na aktar\u0131lamayaca\u011f\u0131 konusunda olduk\u00e7a kat\u0131d\u0131r. \u0130lgili ki\u015finin a\u00e7\u0131k r\u0131zas\u0131 olmadan bunun m\u00fcmk\u00fcn olmayaca\u011f\u0131n\u0131 9. maddesinde h\u00fckme ba\u011flam\u0131\u015ft\u0131r.<\/p>\n<p>Whatsapp uygulamas\u0131n\u0131n kullan\u0131c\u0131 s\u00f6zle\u015fmesinde yap\u0131lan de\u011fi\u015fiklik ile kullan\u0131c\u0131lar\u0131n ki\u015fisel verilerinin yurt d\u0131\u015f\u0131na aktar\u0131larak i\u015flenece\u011fi hususunda d\u00fczenleme getirilmi\u015ftir. Uygulamay\u0131 kullanmak isteyen kullan\u0131c\u0131lar\u0131n ilgili s\u00f6zle\u015fmeyi kabul etmesi gerekmekte olup aksi takdirde kullan\u0131c\u0131lar uygulamay\u0131 kullanamayacakt\u0131r. Bu d\u00fczenleme ile ilgili ki\u015fisel verilerin kimlerle payla\u015f\u0131laca\u011f\u0131 da muall\u00e2kta b\u0131rak\u0131lm\u0131\u015ft\u0131r.<\/p>\n<p>Amerika Birle\u015fik Devletleri merkezli Whatsapp Inc\u2019\u0131n, Avrupa 95\/46 say\u0131l\u0131 Veri Koruma Direktifini temel alan Kanun\u2019a daha ilk bak\u0131\u015fta a\u00e7\u0131k\u00e7a ayk\u0131r\u0131 g\u00f6r\u00fcnen ve d\u00fcnya g\u00fcndeminde tahmin edilenden daha fazla yer tutan bu \u015fartlar\u0131 ortaya koymas\u0131ndaki saiki merak konusudur. Bu konuda belirtmek gerekir ki, Amerika Birle\u015fik Devletleri (\u201cABD\u201d) ile Avrupa\u2019n\u0131n ki\u015fisel verilere olan yakla\u015f\u0131m\u0131nda belirli farkl\u0131l\u0131klar bulunmaktad\u0131r.<\/p>\n<p>Avrupa Birli\u011fi, ki\u015fisel verilerin insan onuruyla olan ili\u015fkisine \u00f6nem vererek mevzubahis durumu, i\u015fbu verilerin daha \u00e7ok ki\u015fiye ait bir hakka ili\u015fkin olmas\u0131 sebebiyle manevi olarak irdelerken, ABD\u2019de ki\u015fisel veriler maddi de\u011feri olan, ticari s\u00f6zle\u015fmelere konu edilmeye yatk\u0131n de\u011ferler konumunda bulunmaktad\u0131r. \u0130ki ayr\u0131 hukuk sistemine sahip \u00fclkelerin ki\u015fisel verilere olan tutumunda tarihten gelen ayr\u0131mlar\u0131n oldu\u011funu s\u00f6ylemek yanl\u0131\u015f olmayacakt\u0131r. Facebook Inc\u2019in b\u00fcnyesinde bulunan Whatsapp Inc. de ABD merkezli bir mesajla\u015fma uygulamas\u0131 olarak teknoloji \u00e7a\u011f\u0131na uyum s\u00fcrecinde kar\u015f\u0131m\u0131za \u00e7\u0131kard\u0131\u011f\u0131 yeni kullan\u0131c\u0131 s\u00f6zle\u015fmesi ile ki\u015fisel verilerin korunmas\u0131 hukukunun \u00f6nemini hepimize bir kez daha hat\u0131rlatm\u0131\u015ft\u0131r.<\/p>\n<p>Son olarak, Ki\u015fisel Verileri Koruma Kurumu\u2019nun ki\u015fisel verilerin \u00f6zellikle yurtd\u0131\u015f\u0131na aktar\u0131m\u0131 ve \u00e7ok uluslu \u015firketler aras\u0131 aktar\u0131m\u0131na ili\u015fkin duru\u015funun i\u015fbu soru\u015fturma sonucunda daha net bir \u015fekilde \u015fekillenece\u011fini belirtmek gerekmektedir.<\/p>","protected":false},"excerpt":{"rendered":"<p>Kamuoyu Duyurusu Hakk\u0131nda Ki\u015fisel Verileri Koruma Kurulu, 12.01.2021 tarihli ve 2021\/28 say\u0131l\u0131 karar\u0131 ile WhatsApp Inc. hakk\u0131nda re\u2019sen inceleme ba\u015flat\u0131lmas\u0131na karar vermi\u015ftir. Karara g\u00f6re; Verilerin i\u015flenmesi s\u00fcrecinde \u00fc\u00e7\u00fcnc\u00fc taraflarla veri payla\u015f\u0131m\u0131 hususunda Ki\u015fisel Verilerin Korunmas\u0131 Kanunu\u2019nun (\u201cKanun\u201d) 9. maddesinde d\u00fczenlenen ve ki\u015fisel verilerin ilginin a\u00e7\u0131k r\u0131zas\u0131na istinaden yurtd\u0131\u015f\u0131na aktar\u0131labilece\u011fine ili\u015fkin h\u00fckme ve Kanunun 3. maddesinde [&hellip;]<\/p>","protected":false},"author":1,"featured_media":7997,"comment_status":"closed","ping_status":"open","sticky":false,"template":"","format":"standard","meta":{"footnotes":""},"categories":[29],"tags":[26,27,28],"class_list":["post-8018","post","type-post","status-publish","format-standard","has-post-thumbnail","hentry","category-kategori-1","tag-etiket1","tag-etiket2","tag-etiket3"],"_links":{"self":[{"href":"https:\/\/www.eyuboglubuyukatak.av.tr\/en\/wp-json\/wp\/v2\/posts\/8018","targetHints":{"allow":["GET"]}}],"collection":[{"href":"https:\/\/www.eyuboglubuyukatak.av.tr\/en\/wp-json\/wp\/v2\/posts"}],"about":[{"href":"https:\/\/www.eyuboglubuyukatak.av.tr\/en\/wp-json\/wp\/v2\/types\/post"}],"author":[{"embeddable":true,"href":"https:\/\/www.eyuboglubuyukatak.av.tr\/en\/wp-json\/wp\/v2\/users\/1"}],"replies":[{"embeddable":true,"href":"https:\/\/www.eyuboglubuyukatak.av.tr\/en\/wp-json\/wp\/v2\/comments?post=8018"}],"version-history":[{"count":0,"href":"https:\/\/www.eyuboglubuyukatak.av.tr\/en\/wp-json\/wp\/v2\/posts\/8018\/revisions"}],"wp:featuredmedia":[{"embeddable":true,"href":"https:\/\/www.eyuboglubuyukatak.av.tr\/en\/wp-json\/wp\/v2\/media\/7997"}],"wp:attachment":[{"href":"https:\/\/www.eyuboglubuyukatak.av.tr\/en\/wp-json\/wp\/v2\/media?parent=8018"}],"wp:term":[{"taxonomy":"category","embeddable":true,"href":"https:\/\/www.eyuboglubuyukatak.av.tr\/en\/wp-json\/wp\/v2\/categories?post=8018"},{"taxonomy":"post_tag","embeddable":true,"href":"https:\/\/www.eyuboglubuyukatak.av.tr\/en\/wp-json\/wp\/v2\/tags?post=8018"}],"curies":[{"name":"wp","href":"https:\/\/api.w.org\/{rel}","templated":true}]}}